{"id":107314,"date":"2025-09-17T07:39:03","date_gmt":"2025-09-17T07:39:03","guid":{"rendered":"https:\/\/hello.pricelabs.co\/?p=107314"},"modified":"2026-04-06T12:32:55","modified_gmt":"2026-04-06T12:32:55","slug":"tendances-locatives-2025-en-corse-analyse-pricelabs-et-conseils-pratiques","status":"publish","type":"post","link":"https:\/\/hello.pricelabs.co\/fr\/blog\/tendances-locatives-2025-en-corse-analyse-pricelabs-et-conseils-pratiques\/","title":{"rendered":"Tendances locatives 2025 en Corse : analyse PriceLabs et conseils pratiques"},"content":{"rendered":"<div id=\"ez-toc-container\" class=\"ez-toc-v2_0_82_2 counter-flat ez-toc-counter ez-toc-grey ez-toc-container-direction\">\n<div class=\"ez-toc-title-container\">\n<p class=\"ez-toc-title\" style=\"cursor:inherit\">Sommaire<\/p>\n<span class=\"ez-toc-title-toggle\"><\/span><\/div>\n<nav><ul class='ez-toc-list ez-toc-list-level-1 ' ><li class='ez-toc-page-1'><a class=\"ez-toc-link ez-toc-heading-1\" href=\"https:\/\/hello.pricelabs.co\/fr\/blog\/tendances-locatives-2025-en-corse-analyse-pricelabs-et-conseils-pratiques\/#la-dynamique-du-marche-insulaire\" data-wpel-link=\"internal\">La dynamique du march\u00e9 insulaire<\/a><\/li><li class='ez-toc-page-1'><a class=\"ez-toc-link ez-toc-heading-2\" href=\"https:\/\/hello.pricelabs.co\/fr\/blog\/tendances-locatives-2025-en-corse-analyse-pricelabs-et-conseils-pratiques\/#le-comportement-des-voyageurs-en-corse\" data-wpel-link=\"internal\">Le comportement des voyageurs en Corse<\/a><\/li><li class='ez-toc-page-1'><a class=\"ez-toc-link ez-toc-heading-3\" href=\"https:\/\/hello.pricelabs.co\/fr\/blog\/tendances-locatives-2025-en-corse-analyse-pricelabs-et-conseils-pratiques\/#tarification-dynamique-un-atout-sous-utilise\" data-wpel-link=\"internal\">Tarification dynamique : un atout sous-utilis\u00e9<\/a><\/li><li class='ez-toc-page-1'><a class=\"ez-toc-link ez-toc-heading-4\" href=\"https:\/\/hello.pricelabs.co\/fr\/blog\/tendances-locatives-2025-en-corse-analyse-pricelabs-et-conseils-pratiques\/#regulation-des-locations-quelles-evolutions-en-2025\" data-wpel-link=\"internal\">R\u00e9gulation des locations : quelles \u00e9volutions en 2025 ?<\/a><\/li><li class='ez-toc-page-1'><a class=\"ez-toc-link ez-toc-heading-5\" href=\"https:\/\/hello.pricelabs.co\/fr\/blog\/tendances-locatives-2025-en-corse-analyse-pricelabs-et-conseils-pratiques\/#strategies-de-revenue-management-adaptees-a-la-corse\" data-wpel-link=\"internal\">Strat\u00e9gies de revenue management adapt\u00e9es \u00e0 la Corse<\/a><\/li><li class='ez-toc-page-1'><a class=\"ez-toc-link ez-toc-heading-6\" href=\"https:\/\/hello.pricelabs.co\/fr\/blog\/tendances-locatives-2025-en-corse-analyse-pricelabs-et-conseils-pratiques\/#conclusion\" data-wpel-link=\"internal\">Conclusion<\/a><\/li><li class='ez-toc-page-1'><a class=\"ez-toc-link ez-toc-heading-7\" href=\"https:\/\/hello.pricelabs.co\/fr\/blog\/tendances-locatives-2025-en-corse-analyse-pricelabs-et-conseils-pratiques\/#questions-frequentes-liees-au-sujet\" data-wpel-link=\"internal\">Questions fr\u00e9quentes li\u00e9es au sujet<\/a><\/li><\/ul><\/nav><\/div>\n\n<p>Le march\u00e9 de la location saisonni\u00e8re en Corse \u00e9volue en 2025, avec de nouveaux d\u00e9fis et opportunit\u00e9s pour les h\u00f4tes et conciergeries. Lors du webinaire du&nbsp;<strong>16 septembre 2025<\/strong>, PriceLabs a d\u00e9voil\u00e9 ses donn\u00e9es exclusives : plus de&nbsp;<strong>20 000 logements actifs<\/strong>, une&nbsp;<strong>occupation moyenne de 50 %<\/strong>&nbsp;et une progression de&nbsp;<strong>3 % des nuits r\u00e9serv\u00e9es<\/strong>. Ces&nbsp;<strong>tendances locatives 2025 Corse<\/strong>&nbsp;r\u00e9v\u00e8lent non seulement des chiffres cl\u00e9s mais aussi des leviers d\u2019action concrets pour optimiser vos revenus.<\/p>\n\n\n\n<h2 class=\"wp-block-heading\" id=\"h-la-dynamique-du-marche-insulaire\"><span class=\"ez-toc-section\" id=\"la-dynamique-du-marche-insulaire\"><\/span>La dynamique du march\u00e9 insulaire<span class=\"ez-toc-section-end\"><\/span><\/h2>\n\n\n\n<h3 class=\"wp-block-heading\" id=\"h-des-fondamentaux-solides\">Des fondamentaux solides<\/h3>\n\n\n\n<ul class=\"wp-block-list\">\n<li>Plus de&nbsp;<strong>20 000 logements actifs<\/strong>&nbsp;en 2025 (+1 % vs. 2024)<\/li>\n\n\n\n<li><strong>3 % de croissance<\/strong>&nbsp;du nombre de nuit\u00e9es r\u00e9serv\u00e9es (+4 500).<\/li>\n\n\n\n<li>Dur\u00e9e moyenne des s\u00e9jours :&nbsp;<strong>6 nuits<\/strong>.<\/li>\n\n\n\n<li>Fen\u00eatre de r\u00e9servation :&nbsp;<strong>45 jours<\/strong>.<\/li>\n<\/ul>\n\n\n\n<p>Ces indicateurs confirment la vitalit\u00e9 du march\u00e9, mais aussi sa forte d\u00e9pendance \u00e0 l\u2019\u00e9t\u00e9 :&nbsp;<strong>pr\u00e8s de la moiti\u00e9 des revenus annuels se concentrent en juillet, ao\u00fbt et septembr<\/strong>e.<\/p>\n\n\n\n<figure class=\"wp-block-image aligncenter size-full\"><img fetchpriority=\"high\" decoding=\"async\" width=\"2224\" height=\"1250\" src=\"https:\/\/hello.pricelabs.co\/wp-content\/uploads\/2025\/09\/evolution-occupation-locations-par-ville-corse.png\" alt=\"evolution occupation locations par ville corse\" class=\"wp-image-107316\" srcset=\"https:\/\/hello.pricelabs.co\/wp-content\/uploads\/2025\/09\/evolution-occupation-locations-par-ville-corse.png 2224w, https:\/\/hello.pricelabs.co\/wp-content\/uploads\/2025\/09\/evolution-occupation-locations-par-ville-corse-300x169.png 300w, https:\/\/hello.pricelabs.co\/wp-content\/uploads\/2025\/09\/evolution-occupation-locations-par-ville-corse-1024x576.png 1024w, https:\/\/hello.pricelabs.co\/wp-content\/uploads\/2025\/09\/evolution-occupation-locations-par-ville-corse-768x432.png 768w, https:\/\/hello.pricelabs.co\/wp-content\/uploads\/2025\/09\/evolution-occupation-locations-par-ville-corse-1536x863.png 1536w, https:\/\/hello.pricelabs.co\/wp-content\/uploads\/2025\/09\/evolution-occupation-locations-par-ville-corse-2048x1151.png 2048w\" sizes=\"(max-width: 2224px) 100vw, 2224px\" \/><figcaption class=\"wp-element-caption\">Comparatif des taux d&#8217;occupation des principales villes Corses 2024 vs 2025 &#8211; Donn\u00e9es PriceLabs<\/figcaption><\/figure>\n\n\n\n<h3 class=\"wp-block-heading\" id=\"h-profil-des-acteurs\">Profil des acteurs<\/h3>\n\n\n\n<p>La Corse reste domin\u00e9e par des h\u00f4tes ind\u00e9pendants :<\/p>\n\n\n\n<ul class=\"wp-block-list\">\n<li>50 % g\u00e8rent un seul logement,<\/li>\n\n\n\n<li>36 % en g\u00e8rent 2 \u00e0 10.<\/li>\n<\/ul>\n\n\n\n<p>Ainsi,&nbsp;<strong>86 % des annonces sont d\u00e9tenues par des h\u00f4tes individuels ou de petite taill<\/strong>e. Les conciergeries gagnent du terrain mais restent minoritaires.<\/p>\n\n\n\n<figure class=\"wp-block-image aligncenter size-full\"><img decoding=\"async\" width=\"2216\" height=\"1244\" src=\"https:\/\/hello.pricelabs.co\/wp-content\/uploads\/2025\/09\/annonces-par-type-hotes-corse.png\" alt=\"annonces par type hotes corse\" class=\"wp-image-107315\" srcset=\"https:\/\/hello.pricelabs.co\/wp-content\/uploads\/2025\/09\/annonces-par-type-hotes-corse.png 2216w, https:\/\/hello.pricelabs.co\/wp-content\/uploads\/2025\/09\/annonces-par-type-hotes-corse-300x168.png 300w, https:\/\/hello.pricelabs.co\/wp-content\/uploads\/2025\/09\/annonces-par-type-hotes-corse-1024x575.png 1024w, https:\/\/hello.pricelabs.co\/wp-content\/uploads\/2025\/09\/annonces-par-type-hotes-corse-768x431.png 768w, https:\/\/hello.pricelabs.co\/wp-content\/uploads\/2025\/09\/annonces-par-type-hotes-corse-1536x862.png 1536w, https:\/\/hello.pricelabs.co\/wp-content\/uploads\/2025\/09\/annonces-par-type-hotes-corse-2048x1150.png 2048w\" sizes=\"(max-width: 2216px) 100vw, 2216px\" \/><figcaption class=\"wp-element-caption\">R\u00e9partition des tailles d&#8217;h\u00e9bergeurs par volume de logements g\u00e9r\u00e9s<\/figcaption><\/figure>\n\n\n\n<h2 class=\"wp-block-heading\" id=\"h-le-comportement-des-voyageurs-en-corse\"><span class=\"ez-toc-section\" id=\"le-comportement-des-voyageurs-en-corse\"><\/span>Le comportement des voyageurs en Corse<span class=\"ez-toc-section-end\"><\/span><\/h2>\n\n\n\n<h3 class=\"wp-block-heading\" id=\"h-reservations-anticipees\">R\u00e9servations anticip\u00e9es<\/h3>\n\n\n\n<p>Avec une fen\u00eatre moyenne de&nbsp;<strong>45 jours<\/strong>, les voyageurs planifient t\u00f4t. Les gestionnaires doivent donc adapter leurs tarifs plusieurs semaines en amont.<\/p>\n\n\n\n<h3 class=\"wp-block-heading\" id=\"h-duree-des-sejours\">Dur\u00e9e des s\u00e9jours<\/h3>\n\n\n\n<p>Les&nbsp;<strong>6 nuits en moyenne<\/strong>&nbsp;traduisent un mix entre courts s\u00e9jours urbains et vacances prolong\u00e9es. Les h\u00f4tes doivent g\u00e9rer \u00e0 la fois la rotation rapide et les \u00ab nuit\u00e9es orphelines \u00bb.<\/p>\n\n\n\n<h3 class=\"wp-block-heading\" id=\"h-saison-et-arriere-saison\">Saison et arri\u00e8re-saison<\/h3>\n\n\n\n<p>La haute saison reste ultra-dominante. En revanche, la basse saison plafonne \u00e0&nbsp;<strong>35 % d\u2019occupation<\/strong>. Cr\u00e9er des offres cibl\u00e9es (s\u00e9jours nature, bien-\u00eatre, hors-saison) est un axe de d\u00e9veloppement sous-exploit\u00e9.<\/p>\n\n\n\n<h3 class=\"wp-block-heading\" id=\"h-une-clientele-etrangere-croissante\">Une client\u00e8le \u00e9trang\u00e8re croissante<\/h3>\n\n\n\n<p>Les voyageurs italiens et allemands repr\u00e9sentent une part croissante des r\u00e9servations. Adapter ses annonces (langues, canaux de distribution, services adapt\u00e9s) est un levier pour capter cette demande.<\/p>\n\n\n\n<figure class=\"wp-block-image aligncenter size-full\"><a href=\"https:\/\/hello.pricelabs.co\/fr\/training\/?utm_source=fr&amp;utm_medium=blog-article-cta&amp;utm_campaign=seo_article&amp;utm_id=blog\" target=\"_blank\" rel=\" noreferrer noopener\" data-wpel-link=\"internal\"><img decoding=\"async\" width=\"640\" height=\"200\" src=\"https:\/\/hello.pricelabs.co\/wp-content\/uploads\/2025\/04\/cta-formations-pricelabs.png\" alt=\"cta formations pricelabs\" class=\"wp-image-85222\" srcset=\"https:\/\/hello.pricelabs.co\/wp-content\/uploads\/2025\/04\/cta-formations-pricelabs.png 640w, https:\/\/hello.pricelabs.co\/wp-content\/uploads\/2025\/04\/cta-formations-pricelabs-300x94.png 300w\" sizes=\"(max-width: 640px) 100vw, 640px\" \/><\/a><\/figure>\n\n\n\n<h2 class=\"wp-block-heading\" id=\"h-tarification-dynamique-un-atout-sous-utilise\"><span class=\"ez-toc-section\" id=\"tarification-dynamique-un-atout-sous-utilise\"><\/span>Tarification dynamique : un atout sous-utilis\u00e9<span class=\"ez-toc-section-end\"><\/span><\/h2>\n\n\n\n<h3 class=\"wp-block-heading\" id=\"h-l-etat-des-lieux-en-2025\">L\u2019\u00e9tat des lieux en 2025<\/h3>\n\n\n\n<p>Seule&nbsp;<strong>un peu plus de la moiti\u00e9 des annonces<\/strong>&nbsp;utilisent la tarification dynamique. Pourtant,&nbsp;<strong>77 % fonctionnent encore avec des prix statiques ou tr\u00e8s peu ajust\u00e9<\/strong>s.<\/p>\n\n\n\n<p>\ud83d\udc49 Les annonces qui appliquent une tarification dynamique mod\u00e9r\u00e9e enregistrent&nbsp;<strong>20 % d\u2019occupation en plus<\/strong>&nbsp;en moyenne.<\/p>\n\n\n\n<h3 class=\"wp-block-heading\" id=\"h-recommandations-pratiques\">Recommandations pratiques<\/h3>\n\n\n\n<ul class=\"wp-block-list\">\n<li><strong>Ne pas figer ses prix en \u00e9t\u00e9<\/strong>&nbsp;: ajuster pour maximiser le revenu des pics de demande.<\/li>\n\n\n\n<li><strong>Prot\u00e9ger ses conditions en basse saison<\/strong>&nbsp;: gr\u00e2ce aux s\u00e9jours minimums et aux ajustements graduels.<\/li>\n\n\n\n<li><strong>Exploiter les \u00e9v\u00e9nements<\/strong>&nbsp;: festivals et comp\u00e9titions locales sont des opportunit\u00e9s de revenus ponctuels.<\/li>\n<\/ul>\n\n\n\n<figure class=\"wp-block-image size-full\"><img loading=\"lazy\" decoding=\"async\" width=\"1200\" height=\"628\" src=\"https:\/\/hello.pricelabs.co\/wp-content\/uploads\/2025\/09\/temoignage-marie-fages.png\" alt=\"temoignage marie fages\" class=\"wp-image-107771\" srcset=\"https:\/\/hello.pricelabs.co\/wp-content\/uploads\/2025\/09\/temoignage-marie-fages.png 1200w, https:\/\/hello.pricelabs.co\/wp-content\/uploads\/2025\/09\/temoignage-marie-fages-300x157.png 300w, https:\/\/hello.pricelabs.co\/wp-content\/uploads\/2025\/09\/temoignage-marie-fages-1024x536.png 1024w, https:\/\/hello.pricelabs.co\/wp-content\/uploads\/2025\/09\/temoignage-marie-fages-768x402.png 768w\" sizes=\"(max-width: 1200px) 100vw, 1200px\" \/><\/figure>\n\n\n\n<h2 class=\"wp-block-heading\" id=\"h-regulation-des-locations-quelles-evolutions-en-2025\"><span class=\"ez-toc-section\" id=\"regulation-des-locations-quelles-evolutions-en-2025\"><\/span>R\u00e9gulation des locations : quelles \u00e9volutions en 2025 ?<span class=\"ez-toc-section-end\"><\/span><\/h2>\n\n\n\n<p>En septembre 2025, le S\u00e9nat a adopt\u00e9 une proposition de loi visant \u00e0 mieux encadrer les meubl\u00e9s de tourisme. Les principales mesures incluent :<\/p>\n\n\n\n<ul class=\"wp-block-list\">\n<li>Obligation d\u2019enregistrement aupr\u00e8s des mairies,<\/li>\n\n\n\n<li>R\u00e9duction de certains abattements fiscaux,<\/li>\n\n\n\n<li>Limitation du changement d\u2019usage des logements<\/li>\n<\/ul>\n\n\n\n<p>Cette r\u00e9gulation, salu\u00e9e par les \u00e9lus corses, vise \u00e0 contenir la pression immobili\u00e8re et \u00e0 pr\u00e9server le logement des r\u00e9sidents permanents (<a href=\"https:\/\/www.corsenetinfos.corsica\/Regulation-des-meubles-de-tourisme-en-Corse-les-maires-saluent-l-adoption-par-le-Senat-d-une-proposition-de-loi_a78166.html\" target=\"_blank\" rel=\"noreferrer noopener external\" data-wpel-link=\"external\">CorseNetInfos<\/a>).<\/p>\n\n\n\n<h2 class=\"wp-block-heading\" id=\"h-strategies-de-revenue-management-adaptees-a-la-corse\"><span class=\"ez-toc-section\" id=\"strategies-de-revenue-management-adaptees-a-la-corse\"><\/span>Strat\u00e9gies de revenue management adapt\u00e9es \u00e0 la Corse<span class=\"ez-toc-section-end\"><\/span><\/h2>\n\n\n\n<h3 class=\"wp-block-heading\" id=\"h-trois-axes-cles-pour-2025\">Trois axes cl\u00e9s pour 2025<\/h3>\n\n\n\n<ol start=\"1\" class=\"wp-block-list\">\n<li><strong>Optimiser la haute saison<\/strong>&nbsp;: utiliser la tarification dynamique pour capter chaque pic de demande.<\/li>\n\n\n\n<li><strong>Diversifier la basse saison<\/strong>&nbsp;: cibler de nouvelles client\u00e8les et adapter ses s\u00e9jours minimums.<\/li>\n\n\n\n<li><strong>Automatiser la gestion<\/strong>&nbsp;: exploiter un logiciel comme PriceLabs pour gagner du temps et r\u00e9duire les erreurs.<\/li>\n<\/ol>\n\n\n\n<p>\ud83d\udccc Ressources \u00e0 d\u00e9couvrir :<\/p>\n\n\n\n<ul class=\"wp-block-list\">\n<li><a href=\"https:\/\/hello.pricelabs.co\/fr\/tarification-dynamique-tout-comprendre\/\" data-wpel-link=\"internal\">Comprendre la tarification dynamique<\/a><\/li>\n\n\n\n<li><a href=\"https:\/\/hello.pricelabs.co\/fr\/calculer-le-taux-d-occupation-de-vos-logements\/\" data-wpel-link=\"internal\">Calculer le taux d\u2019occupation de vos logements<\/a><\/li>\n\n\n\n<li><a href=\"https:\/\/hello.pricelabs.co\/fr\/formation-revenue-management-guide-complet\/\" data-wpel-link=\"internal\">Formation revenue management : guide complet<\/a><\/li>\n<\/ul>\n\n\n\n<h2 class=\"wp-block-heading\" id=\"h-conclusion\"><span class=\"ez-toc-section\" id=\"conclusion\"><\/span>Conclusion<span class=\"ez-toc-section-end\"><\/span><\/h2>\n\n\n\n<p>Les&nbsp;<strong>tendances locatives 2025 Corse<\/strong>&nbsp;montrent un march\u00e9 en croissance mod\u00e9r\u00e9e, port\u00e9 par une client\u00e8le internationale et toujours centr\u00e9 sur l\u2019\u00e9t\u00e9. Pour rester comp\u00e9titifs, les h\u00f4tes et conciergeries doivent adopter des strat\u00e9gies de tarification dynamique, anticiper les r\u00e9servations et int\u00e9grer les nouvelles r\u00e8gles de r\u00e9gulation. Avec PriceLabs, vous disposez d\u2019un levier puissant pour transformer ces d\u00e9fis en opportunit\u00e9s.<\/p>\n\n\n\n<figure class=\"wp-block-image size-full\"><a href=\"https:\/\/hello.pricelabs.co\/fr\/signup\/?utm_source=fr&amp;utm_medium=blog-article-cta&amp;utm_campaign=seo_article&amp;utm_id=blog\" target=\"_blank\" rel=\" noreferrer noopener\" data-wpel-link=\"internal\"><img loading=\"lazy\" decoding=\"async\" width=\"3145\" height=\"676\" src=\"https:\/\/hello.pricelabs.co\/wp-content\/uploads\/2024\/03\/cta-pricelabs-essai-gratuit.png\" alt=\"essayer pricelabs\" class=\"wp-image-29088\" srcset=\"https:\/\/hello.pricelabs.co\/wp-content\/uploads\/2024\/03\/cta-pricelabs-essai-gratuit.png 3145w, https:\/\/hello.pricelabs.co\/wp-content\/uploads\/2024\/03\/cta-pricelabs-essai-gratuit-300x64.png 300w, https:\/\/hello.pricelabs.co\/wp-content\/uploads\/2024\/03\/cta-pricelabs-essai-gratuit-1024x220.png 1024w, https:\/\/hello.pricelabs.co\/wp-content\/uploads\/2024\/03\/cta-pricelabs-essai-gratuit-768x165.png 768w, https:\/\/hello.pricelabs.co\/wp-content\/uploads\/2024\/03\/cta-pricelabs-essai-gratuit-1536x330.png 1536w, https:\/\/hello.pricelabs.co\/wp-content\/uploads\/2024\/03\/cta-pricelabs-essai-gratuit-2048x440.png 2048w\" sizes=\"(max-width: 3145px) 100vw, 3145px\" \/><\/a><\/figure>\n\n\n\n<h2 class=\"wp-block-heading\" id=\"h-questions-frequentes-liees-au-sujet\"><span class=\"ez-toc-section\" id=\"questions-frequentes-liees-au-sujet\"><\/span>Questions fr\u00e9quentes li\u00e9es au sujet<span class=\"ez-toc-section-end\"><\/span><\/h2>\n\n\n\n<div class=\"schema-faq wp-block-yoast-faq-block\"><div class=\"schema-faq-section\" id=\"faq-question-1758038970152\"><strong class=\"schema-faq-question\">Quelle est la dur\u00e9e moyenne des s\u00e9jours en Corse ?<\/strong> <p class=\"schema-faq-answer\">Elle est de\u00a0<strong>6 nuits en moyenne<\/strong>, selon les donn\u00e9es PriceLabs 2025. (Tous types de logements confondus)<\/p> <\/div> <div class=\"schema-faq-section\" id=\"faq-question-1758038977307\"><strong class=\"schema-faq-question\">Les h\u00f4tes utilisent-ils la tarification dynamique ?<\/strong> <p class=\"schema-faq-answer\">Oui, mais seulement\u00a0<strong>la moiti\u00e9 environ<\/strong>.\u00a0<strong>77 %<\/strong>\u00a0continuent avec des prix statiques ou peu ajust\u00e9s.<\/p> <\/div> <div class=\"schema-faq-section\" id=\"faq-question-1758038996174\"><strong class=\"schema-faq-question\">Quelles sont les p\u00e9riodes cl\u00e9s pour les revenus ?<\/strong> <p class=\"schema-faq-answer\">La\u00a0<strong>haute saison (juillet \u00e0 septembre)<\/strong>\u00a0concentre pr\u00e8s de\u00a0<strong>49 % des revenus annuels<\/strong>.<\/p> <\/div> <div class=\"schema-faq-section\" id=\"faq-question-1758039008290\"><strong class=\"schema-faq-question\">La r\u00e9gulation va-t-elle impacter les h\u00f4tes ?<\/strong> <p class=\"schema-faq-answer\">Oui. La loi adopt\u00e9e en 2025 impose un enregistrement obligatoire et restreint certains avantages fiscaux.<\/p> <\/div> <\/div>\n\n\n\n<p><\/p>\n","protected":false},"excerpt":{"rendered":"<p>Le march\u00e9 de la location saisonni\u00e8re en Corse \u00e9volue en 2025, avec de nouveaux d\u00e9fis et opportunit\u00e9s pour les h\u00f4tes et conciergeries. Lors du webinaire du&nbsp;16 septembre 2025, PriceLabs a d\u00e9voil\u00e9 ses donn\u00e9es exclusives : plus de&nbsp;20 000 logements actifs, une&nbsp;occupation moyenne de 50 %&nbsp;et une progression de&nbsp;3 % des nuits r\u00e9serv\u00e9es. Ces&nbsp;tendances locatives 2025 [&hellip;]<\/p>\n","protected":false},"author":22,"featured_media":107341,"comment_status":"closed","ping_status":"closed","sticky":false,"template":"","format":"standard","meta":{"_acf_changed":false,"_yoast_wpseo_title":"Tendances locatives 2025 Corse : l'analyse PriceLabs","_yoast_wpseo_metadesc":"Location saisonni\u00e8re en Corse 2025 : d\u00e9couvrez les d\u00e9fis et opportunit\u00e9s pour h\u00f4tes et conciergeries lors de notre webinaire","om_disable_all_campaigns":false,"inline_featured_image":false,"_lmt_disableupdate":"","_lmt_disable":"","site-sidebar-layout":"default","site-content-layout":"","ast-site-content-layout":"default","site-content-style":"default","site-sidebar-style":"default","ast-global-header-display":"","ast-banner-title-visibility":"","ast-main-header-display":"","ast-hfb-above-header-display":"","ast-hfb-below-header-display":"","ast-hfb-mobile-header-display":"","site-post-title":"","ast-breadcrumbs-content":"","ast-featured-img":"","footer-sml-layout":"","ast-disable-related-posts":"","theme-transparent-header-meta":"","adv-header-id-meta":"","stick-header-meta":"","header-above-stick-meta":"","header-main-stick-meta":"","header-below-stick-meta":"","astra-migrate-meta-layouts":"set","ast-page-background-enabled":"default","ast-page-background-meta":{"desktop":{"background-color":"","background-image":"","background-repeat":"repeat","background-position":"center center","background-size":"auto","background-attachment":"scroll","background-type":"","background-media":"","overlay-type":"","overlay-color":"","overlay-opacity":"","overlay-gradient":""},"tablet":{"background-color":"","background-image":"","background-repeat":"repeat","background-position":"center center","background-size":"auto","background-attachment":"scroll","background-type":"","background-media":"","overlay-type":"","overlay-color":"","overlay-opacity":"","overlay-gradient":""},"mobile":{"background-color":"","background-image":"","background-repeat":"repeat","background-position":"center center","background-size":"auto","background-attachment":"scroll","background-type":"","background-media":"","overlay-type":"","overlay-color":"","overlay-opacity":"","overlay-gradient":""}},"ast-content-background-meta":{"desktop":{"background-color":"var(--ast-global-color-5)","background-image":"","background-repeat":"repeat","background-position":"center center","background-size":"auto","background-attachment":"scroll","background-type":"","background-media":"","overlay-type":"","overlay-color":"","overlay-opacity":"","overlay-gradient":""},"tablet":{"background-color":"var(--ast-global-color-5)","background-image":"","background-repeat":"repeat","background-position":"center center","background-size":"auto","background-attachment":"scroll","background-type":"","background-media":"","overlay-type":"","overlay-color":"","overlay-opacity":"","overlay-gradient":""},"mobile":{"background-color":"var(--ast-global-color-5)","background-image":"","background-repeat":"repeat","background-position":"center center","background-size":"auto","background-attachment":"scroll","background-type":"","background-media":"","overlay-type":"","overlay-color":"","overlay-opacity":"","overlay-gradient":""}},"footnotes":""},"categories":[1219],"tags":[1283],"class_list":["post-107314","post","type-post","status-publish","format-standard","has-post-thumbnail","hentry","category-market-dashboard-fr","tag-marche-concurrence"],"acf":[],"yoast_head":"<!-- This site is optimized with the Yoast SEO Premium plugin v22.8 (Yoast SEO v27.2) - https:\/\/yoast.com\/product\/yoast-seo-premium-wordpress\/ -->\n<title>Tendances locatives 2025 Corse : l&#039;analyse PriceLabs<\/title>\n<meta name=\"description\" content=\"Location saisonni\u00e8re en Corse 2025 : d\u00e9couvrez les d\u00e9fis et opportunit\u00e9s pour h\u00f4tes et conciergeries lors de notre webinaire\" \/>\n<meta name=\"robots\" content=\"index, follow, max-snippet:-1, max-image-preview:large, max-video-preview:-1\" \/>\n<link rel=\"canonical\" href=\"https:\/\/hello.pricelabs.co\/fr\/blog\/tendances-locatives-2025-en-corse-analyse-pricelabs-et-conseils-pratiques\/\" \/>\n<meta property=\"og:locale\" content=\"fr_FR\" \/>\n<meta property=\"og:type\" content=\"article\" \/>\n<meta property=\"og:title\" content=\"Tendances locatives 2025 en Corse : analyse PriceLabs et conseils pratiques\" \/>\n<meta property=\"og:description\" content=\"Location saisonni\u00e8re en Corse 2025 : d\u00e9couvrez les d\u00e9fis et opportunit\u00e9s pour h\u00f4tes et conciergeries lors de notre webinaire\" \/>\n<meta property=\"og:url\" content=\"https:\/\/hello.pricelabs.co\/fr\/blog\/tendances-locatives-2025-en-corse-analyse-pricelabs-et-conseils-pratiques\/\" \/>\n<meta property=\"og:site_name\" content=\"PriceLabs\" \/>\n<meta property=\"article:publisher\" content=\"https:\/\/www.facebook.com\/PriceLabs1\/\" \/>\n<meta property=\"article:published_time\" content=\"2025-09-17T07:39:03+00:00\" \/>\n<meta property=\"article:modified_time\" content=\"2026-04-06T12:32:55+00:00\" \/>\n<meta property=\"og:image\" content=\"https:\/\/hello.pricelabs.co\/wp-content\/uploads\/2025\/09\/webinaire-tendances-marche-corse-pricelabs-1024x576.png\" \/>\n\t<meta property=\"og:image:width\" content=\"1024\" \/>\n\t<meta property=\"og:image:height\" content=\"576\" \/>\n\t<meta property=\"og:image:type\" content=\"image\/png\" \/>\n<meta name=\"author\" content=\"Romain Giacalone\" \/>\n<meta name=\"twitter:card\" content=\"summary_large_image\" \/>\n<meta name=\"twitter:creator\" content=\"@Price_Labs\" \/>\n<meta name=\"twitter:site\" content=\"@Price_Labs\" \/>\n<meta name=\"twitter:label1\" content=\"\u00c9crit par\" \/>\n\t<meta name=\"twitter:data1\" content=\"Romain Giacalone\" \/>\n\t<meta name=\"twitter:label2\" content=\"Dur\u00e9e de lecture estim\u00e9e\" \/>\n\t<meta name=\"twitter:data2\" content=\"5 minutes\" \/>\n<script type=\"application\/ld+json\" class=\"yoast-schema-graph\">{\"@context\":\"https:\/\/schema.org\",\"@graph\":[{\"@type\":\"Article\",\"@id\":\"https:\/\/hello.pricelabs.co\/fr\/blog\/tendances-locatives-2025-en-corse-analyse-pricelabs-et-conseils-pratiques\/#article\",\"isPartOf\":{\"@id\":\"https:\/\/hello.pricelabs.co\/fr\/blog\/tendances-locatives-2025-en-corse-analyse-pricelabs-et-conseils-pratiques\/\"},\"author\":{\"name\":\"Romain Giacalone\",\"@id\":\"https:\/\/hello.pricelabs.co\/fr\/#\/schema\/person\/eb90c05187435f00e63a8578fd380d80\"},\"headline\":\"Tendances locatives 2025 en Corse : analyse PriceLabs et conseils pratiques\",\"datePublished\":\"2025-09-17T07:39:03+00:00\",\"dateModified\":\"2026-04-06T12:32:55+00:00\",\"mainEntityOfPage\":{\"@id\":\"https:\/\/hello.pricelabs.co\/fr\/blog\/tendances-locatives-2025-en-corse-analyse-pricelabs-et-conseils-pratiques\/\"},\"wordCount\":834,\"publisher\":{\"@id\":\"https:\/\/hello.pricelabs.co\/fr\/#organization\"},\"image\":{\"@id\":\"https:\/\/hello.pricelabs.co\/fr\/blog\/tendances-locatives-2025-en-corse-analyse-pricelabs-et-conseils-pratiques\/#primaryimage\"},\"thumbnailUrl\":\"https:\/\/hello.pricelabs.co\/wp-content\/uploads\/2025\/09\/webinaire-tendances-marche-corse-pricelabs.png\",\"keywords\":[\"March\u00e9 &amp; Concurrence\"],\"articleSection\":[\"Market Dashboard\"],\"inLanguage\":\"fr-FR\"},{\"@type\":[\"WebPage\",\"FAQPage\"],\"@id\":\"https:\/\/hello.pricelabs.co\/fr\/blog\/tendances-locatives-2025-en-corse-analyse-pricelabs-et-conseils-pratiques\/\",\"url\":\"https:\/\/hello.pricelabs.co\/fr\/blog\/tendances-locatives-2025-en-corse-analyse-pricelabs-et-conseils-pratiques\/\",\"name\":\"Tendances locatives 2025 Corse : l'analyse PriceLabs\",\"isPartOf\":{\"@id\":\"https:\/\/hello.pricelabs.co\/fr\/#website\"},\"primaryImageOfPage\":{\"@id\":\"https:\/\/hello.pricelabs.co\/fr\/blog\/tendances-locatives-2025-en-corse-analyse-pricelabs-et-conseils-pratiques\/#primaryimage\"},\"image\":{\"@id\":\"https:\/\/hello.pricelabs.co\/fr\/blog\/tendances-locatives-2025-en-corse-analyse-pricelabs-et-conseils-pratiques\/#primaryimage\"},\"thumbnailUrl\":\"https:\/\/hello.pricelabs.co\/wp-content\/uploads\/2025\/09\/webinaire-tendances-marche-corse-pricelabs.png\",\"datePublished\":\"2025-09-17T07:39:03+00:00\",\"dateModified\":\"2026-04-06T12:32:55+00:00\",\"description\":\"Location saisonni\u00e8re en Corse 2025 : d\u00e9couvrez les d\u00e9fis et opportunit\u00e9s pour h\u00f4tes et conciergeries lors de notre webinaire\",\"breadcrumb\":{\"@id\":\"https:\/\/hello.pricelabs.co\/fr\/blog\/tendances-locatives-2025-en-corse-analyse-pricelabs-et-conseils-pratiques\/#breadcrumb\"},\"mainEntity\":[{\"@id\":\"https:\/\/hello.pricelabs.co\/fr\/blog\/tendances-locatives-2025-en-corse-analyse-pricelabs-et-conseils-pratiques\/#faq-question-1758038970152\"},{\"@id\":\"https:\/\/hello.pricelabs.co\/fr\/blog\/tendances-locatives-2025-en-corse-analyse-pricelabs-et-conseils-pratiques\/#faq-question-1758038977307\"},{\"@id\":\"https:\/\/hello.pricelabs.co\/fr\/blog\/tendances-locatives-2025-en-corse-analyse-pricelabs-et-conseils-pratiques\/#faq-question-1758038996174\"},{\"@id\":\"https:\/\/hello.pricelabs.co\/fr\/blog\/tendances-locatives-2025-en-corse-analyse-pricelabs-et-conseils-pratiques\/#faq-question-1758039008290\"}],\"inLanguage\":\"fr-FR\",\"potentialAction\":[{\"@type\":\"ReadAction\",\"target\":[\"https:\/\/hello.pricelabs.co\/fr\/blog\/tendances-locatives-2025-en-corse-analyse-pricelabs-et-conseils-pratiques\/\"]}]},{\"@type\":\"ImageObject\",\"inLanguage\":\"fr-FR\",\"@id\":\"https:\/\/hello.pricelabs.co\/fr\/blog\/tendances-locatives-2025-en-corse-analyse-pricelabs-et-conseils-pratiques\/#primaryimage\",\"url\":\"https:\/\/hello.pricelabs.co\/wp-content\/uploads\/2025\/09\/webinaire-tendances-marche-corse-pricelabs.png\",\"contentUrl\":\"https:\/\/hello.pricelabs.co\/wp-content\/uploads\/2025\/09\/webinaire-tendances-marche-corse-pricelabs.png\",\"width\":1920,\"height\":1080,\"caption\":\"webinaire tendances marche corse pricelabs\"},{\"@type\":\"BreadcrumbList\",\"@id\":\"https:\/\/hello.pricelabs.co\/fr\/blog\/tendances-locatives-2025-en-corse-analyse-pricelabs-et-conseils-pratiques\/#breadcrumb\",\"itemListElement\":[{\"@type\":\"ListItem\",\"position\":1,\"name\":\"Home\",\"item\":\"https:\/\/hello.pricelabs.co\/fr\/\"},{\"@type\":\"ListItem\",\"position\":2,\"name\":\"Tendances locatives 2025 en Corse : analyse PriceLabs et conseils pratiques\"}]},{\"@type\":\"WebSite\",\"@id\":\"https:\/\/hello.pricelabs.co\/fr\/#website\",\"url\":\"https:\/\/hello.pricelabs.co\/fr\/\",\"name\":\"PriceLabs\",\"description\":\"\",\"publisher\":{\"@id\":\"https:\/\/hello.pricelabs.co\/fr\/#organization\"},\"potentialAction\":[{\"@type\":\"SearchAction\",\"target\":{\"@type\":\"EntryPoint\",\"urlTemplate\":\"https:\/\/hello.pricelabs.co\/fr\/?s={search_term_string}\"},\"query-input\":{\"@type\":\"PropertyValueSpecification\",\"valueRequired\":true,\"valueName\":\"search_term_string\"}}],\"inLanguage\":\"fr-FR\"},{\"@type\":\"Organization\",\"@id\":\"https:\/\/hello.pricelabs.co\/fr\/#organization\",\"name\":\"Pricelabs\",\"url\":\"https:\/\/hello.pricelabs.co\/fr\/\",\"logo\":{\"@type\":\"ImageObject\",\"inLanguage\":\"fr-FR\",\"@id\":\"https:\/\/hello.pricelabs.co\/fr\/#\/schema\/logo\/image\/\",\"url\":\"https:\/\/hello.pricelabs.co\/wp-content\/uploads\/2023\/09\/cropped-Pricelabs-Logo-element.png\",\"contentUrl\":\"https:\/\/hello.pricelabs.co\/wp-content\/uploads\/2023\/09\/cropped-Pricelabs-Logo-element.png\",\"width\":512,\"height\":512,\"caption\":\"Pricelabs\"},\"image\":{\"@id\":\"https:\/\/hello.pricelabs.co\/fr\/#\/schema\/logo\/image\/\"},\"sameAs\":[\"https:\/\/www.facebook.com\/PriceLabs1\/\",\"https:\/\/x.com\/Price_Labs\",\"https:\/\/www.linkedin.com\/company\/pricelabs\/\"]},{\"@type\":\"Person\",\"@id\":\"https:\/\/hello.pricelabs.co\/fr\/#\/schema\/person\/eb90c05187435f00e63a8578fd380d80\",\"name\":\"Romain Giacalone\",\"image\":{\"@type\":\"ImageObject\",\"inLanguage\":\"fr-FR\",\"@id\":\"https:\/\/secure.gravatar.com\/avatar\/279ac5437b9e90df548349694018e5d07fac2612d056c301083199b771a18efd?s=96&d=mm&r=g\",\"url\":\"https:\/\/secure.gravatar.com\/avatar\/279ac5437b9e90df548349694018e5d07fac2612d056c301083199b771a18efd?s=96&d=mm&r=g\",\"contentUrl\":\"https:\/\/secure.gravatar.com\/avatar\/279ac5437b9e90df548349694018e5d07fac2612d056c301083199b771a18efd?s=96&d=mm&r=g\",\"caption\":\"Romain Giacalone\"},\"description\":\"Romain is a french Marketer at PriceLabs, he has been supporting PriceLabs for many years now in its development in French-speaking markets\",\"url\":\"https:\/\/hello.pricelabs.co\/fr\/author\/romain\/\"},{\"@type\":\"Question\",\"@id\":\"https:\/\/hello.pricelabs.co\/fr\/blog\/tendances-locatives-2025-en-corse-analyse-pricelabs-et-conseils-pratiques\/#faq-question-1758038970152\",\"position\":1,\"url\":\"https:\/\/hello.pricelabs.co\/fr\/blog\/tendances-locatives-2025-en-corse-analyse-pricelabs-et-conseils-pratiques\/#faq-question-1758038970152\",\"name\":\"Quelle est la dur\u00e9e moyenne des s\u00e9jours en Corse ?\",\"answerCount\":1,\"acceptedAnswer\":{\"@type\":\"Answer\",\"text\":\"Elle est de\u00a0<strong>6 nuits en moyenne<\/strong>, selon les donn\u00e9es PriceLabs 2025. (Tous types de logements confondus)\",\"inLanguage\":\"fr-FR\"},\"inLanguage\":\"fr-FR\"},{\"@type\":\"Question\",\"@id\":\"https:\/\/hello.pricelabs.co\/fr\/blog\/tendances-locatives-2025-en-corse-analyse-pricelabs-et-conseils-pratiques\/#faq-question-1758038977307\",\"position\":2,\"url\":\"https:\/\/hello.pricelabs.co\/fr\/blog\/tendances-locatives-2025-en-corse-analyse-pricelabs-et-conseils-pratiques\/#faq-question-1758038977307\",\"name\":\"Les h\u00f4tes utilisent-ils la tarification dynamique ?\",\"answerCount\":1,\"acceptedAnswer\":{\"@type\":\"Answer\",\"text\":\"Oui, mais seulement\u00a0<strong>la moiti\u00e9 environ<\/strong>.\u00a0<strong>77 %<\/strong>\u00a0continuent avec des prix statiques ou peu ajust\u00e9s.\",\"inLanguage\":\"fr-FR\"},\"inLanguage\":\"fr-FR\"},{\"@type\":\"Question\",\"@id\":\"https:\/\/hello.pricelabs.co\/fr\/blog\/tendances-locatives-2025-en-corse-analyse-pricelabs-et-conseils-pratiques\/#faq-question-1758038996174\",\"position\":3,\"url\":\"https:\/\/hello.pricelabs.co\/fr\/blog\/tendances-locatives-2025-en-corse-analyse-pricelabs-et-conseils-pratiques\/#faq-question-1758038996174\",\"name\":\"Quelles sont les p\u00e9riodes cl\u00e9s pour les revenus ?\",\"answerCount\":1,\"acceptedAnswer\":{\"@type\":\"Answer\",\"text\":\"La\u00a0<strong>haute saison (juillet \u00e0 septembre)<\/strong>\u00a0concentre pr\u00e8s de\u00a0<strong>49 % des revenus annuels<\/strong>.\",\"inLanguage\":\"fr-FR\"},\"inLanguage\":\"fr-FR\"},{\"@type\":\"Question\",\"@id\":\"https:\/\/hello.pricelabs.co\/fr\/blog\/tendances-locatives-2025-en-corse-analyse-pricelabs-et-conseils-pratiques\/#faq-question-1758039008290\",\"position\":4,\"url\":\"https:\/\/hello.pricelabs.co\/fr\/blog\/tendances-locatives-2025-en-corse-analyse-pricelabs-et-conseils-pratiques\/#faq-question-1758039008290\",\"name\":\"La r\u00e9gulation va-t-elle impacter les h\u00f4tes ?\",\"answerCount\":1,\"acceptedAnswer\":{\"@type\":\"Answer\",\"text\":\"Oui. La loi adopt\u00e9e en 2025 impose un enregistrement obligatoire et restreint certains avantages fiscaux.\",\"inLanguage\":\"fr-FR\"},\"inLanguage\":\"fr-FR\"}]}<\/script>\n<!-- \/ Yoast SEO Premium plugin. -->","yoast_head_json":{"title":"Tendances locatives 2025 Corse : l'analyse PriceLabs","description":"Location saisonni\u00e8re en Corse 2025 : d\u00e9couvrez les d\u00e9fis et opportunit\u00e9s pour h\u00f4tes et conciergeries lors de notre webinaire","robots":{"index":"index","follow":"follow","max-snippet":"max-snippet:-1","max-image-preview":"max-image-preview:large","max-video-preview":"max-video-preview:-1"},"canonical":"https:\/\/hello.pricelabs.co\/fr\/blog\/tendances-locatives-2025-en-corse-analyse-pricelabs-et-conseils-pratiques\/","og_locale":"fr_FR","og_type":"article","og_title":"Tendances locatives 2025 en Corse : analyse PriceLabs et conseils pratiques","og_description":"Location saisonni\u00e8re en Corse 2025 : d\u00e9couvrez les d\u00e9fis et opportunit\u00e9s pour h\u00f4tes et conciergeries lors de notre webinaire","og_url":"https:\/\/hello.pricelabs.co\/fr\/blog\/tendances-locatives-2025-en-corse-analyse-pricelabs-et-conseils-pratiques\/","og_site_name":"PriceLabs","article_publisher":"https:\/\/www.facebook.com\/PriceLabs1\/","article_published_time":"2025-09-17T07:39:03+00:00","article_modified_time":"2026-04-06T12:32:55+00:00","og_image":[{"width":1024,"height":576,"url":"https:\/\/hello.pricelabs.co\/wp-content\/uploads\/2025\/09\/webinaire-tendances-marche-corse-pricelabs-1024x576.png","type":"image\/png"}],"author":"Romain Giacalone","twitter_card":"summary_large_image","twitter_creator":"@Price_Labs","twitter_site":"@Price_Labs","twitter_misc":{"\u00c9crit par":"Romain Giacalone","Dur\u00e9e de lecture estim\u00e9e":"5 minutes"},"schema":{"@context":"https:\/\/schema.org","@graph":[{"@type":"Article","@id":"https:\/\/hello.pricelabs.co\/fr\/blog\/tendances-locatives-2025-en-corse-analyse-pricelabs-et-conseils-pratiques\/#article","isPartOf":{"@id":"https:\/\/hello.pricelabs.co\/fr\/blog\/tendances-locatives-2025-en-corse-analyse-pricelabs-et-conseils-pratiques\/"},"author":{"name":"Romain Giacalone","@id":"https:\/\/hello.pricelabs.co\/fr\/#\/schema\/person\/eb90c05187435f00e63a8578fd380d80"},"headline":"Tendances locatives 2025 en Corse : analyse PriceLabs et conseils pratiques","datePublished":"2025-09-17T07:39:03+00:00","dateModified":"2026-04-06T12:32:55+00:00","mainEntityOfPage":{"@id":"https:\/\/hello.pricelabs.co\/fr\/blog\/tendances-locatives-2025-en-corse-analyse-pricelabs-et-conseils-pratiques\/"},"wordCount":834,"publisher":{"@id":"https:\/\/hello.pricelabs.co\/fr\/#organization"},"image":{"@id":"https:\/\/hello.pricelabs.co\/fr\/blog\/tendances-locatives-2025-en-corse-analyse-pricelabs-et-conseils-pratiques\/#primaryimage"},"thumbnailUrl":"https:\/\/hello.pricelabs.co\/wp-content\/uploads\/2025\/09\/webinaire-tendances-marche-corse-pricelabs.png","keywords":["March\u00e9 &amp; Concurrence"],"articleSection":["Market Dashboard"],"inLanguage":"fr-FR"},{"@type":["WebPage","FAQPage"],"@id":"https:\/\/hello.pricelabs.co\/fr\/blog\/tendances-locatives-2025-en-corse-analyse-pricelabs-et-conseils-pratiques\/","url":"https:\/\/hello.pricelabs.co\/fr\/blog\/tendances-locatives-2025-en-corse-analyse-pricelabs-et-conseils-pratiques\/","name":"Tendances locatives 2025 Corse : l'analyse PriceLabs","isPartOf":{"@id":"https:\/\/hello.pricelabs.co\/fr\/#website"},"primaryImageOfPage":{"@id":"https:\/\/hello.pricelabs.co\/fr\/blog\/tendances-locatives-2025-en-corse-analyse-pricelabs-et-conseils-pratiques\/#primaryimage"},"image":{"@id":"https:\/\/hello.pricelabs.co\/fr\/blog\/tendances-locatives-2025-en-corse-analyse-pricelabs-et-conseils-pratiques\/#primaryimage"},"thumbnailUrl":"https:\/\/hello.pricelabs.co\/wp-content\/uploads\/2025\/09\/webinaire-tendances-marche-corse-pricelabs.png","datePublished":"2025-09-17T07:39:03+00:00","dateModified":"2026-04-06T12:32:55+00:00","description":"Location saisonni\u00e8re en Corse 2025 : d\u00e9couvrez les d\u00e9fis et opportunit\u00e9s pour h\u00f4tes et conciergeries lors de notre webinaire","breadcrumb":{"@id":"https:\/\/hello.pricelabs.co\/fr\/blog\/tendances-locatives-2025-en-corse-analyse-pricelabs-et-conseils-pratiques\/#breadcrumb"},"mainEntity":[{"@id":"https:\/\/hello.pricelabs.co\/fr\/blog\/tendances-locatives-2025-en-corse-analyse-pricelabs-et-conseils-pratiques\/#faq-question-1758038970152"},{"@id":"https:\/\/hello.pricelabs.co\/fr\/blog\/tendances-locatives-2025-en-corse-analyse-pricelabs-et-conseils-pratiques\/#faq-question-1758038977307"},{"@id":"https:\/\/hello.pricelabs.co\/fr\/blog\/tendances-locatives-2025-en-corse-analyse-pricelabs-et-conseils-pratiques\/#faq-question-1758038996174"},{"@id":"https:\/\/hello.pricelabs.co\/fr\/blog\/tendances-locatives-2025-en-corse-analyse-pricelabs-et-conseils-pratiques\/#faq-question-1758039008290"}],"inLanguage":"fr-FR","potentialAction":[{"@type":"ReadAction","target":["https:\/\/hello.pricelabs.co\/fr\/blog\/tendances-locatives-2025-en-corse-analyse-pricelabs-et-conseils-pratiques\/"]}]},{"@type":"ImageObject","inLanguage":"fr-FR","@id":"https:\/\/hello.pricelabs.co\/fr\/blog\/tendances-locatives-2025-en-corse-analyse-pricelabs-et-conseils-pratiques\/#primaryimage","url":"https:\/\/hello.pricelabs.co\/wp-content\/uploads\/2025\/09\/webinaire-tendances-marche-corse-pricelabs.png","contentUrl":"https:\/\/hello.pricelabs.co\/wp-content\/uploads\/2025\/09\/webinaire-tendances-marche-corse-pricelabs.png","width":1920,"height":1080,"caption":"webinaire tendances marche corse pricelabs"},{"@type":"BreadcrumbList","@id":"https:\/\/hello.pricelabs.co\/fr\/blog\/tendances-locatives-2025-en-corse-analyse-pricelabs-et-conseils-pratiques\/#breadcrumb","itemListElement":[{"@type":"ListItem","position":1,"name":"Home","item":"https:\/\/hello.pricelabs.co\/fr\/"},{"@type":"ListItem","position":2,"name":"Tendances locatives 2025 en Corse : analyse PriceLabs et conseils pratiques"}]},{"@type":"WebSite","@id":"https:\/\/hello.pricelabs.co\/fr\/#website","url":"https:\/\/hello.pricelabs.co\/fr\/","name":"PriceLabs","description":"","publisher":{"@id":"https:\/\/hello.pricelabs.co\/fr\/#organization"},"potentialAction":[{"@type":"SearchAction","target":{"@type":"EntryPoint","urlTemplate":"https:\/\/hello.pricelabs.co\/fr\/?s={search_term_string}"},"query-input":{"@type":"PropertyValueSpecification","valueRequired":true,"valueName":"search_term_string"}}],"inLanguage":"fr-FR"},{"@type":"Organization","@id":"https:\/\/hello.pricelabs.co\/fr\/#organization","name":"Pricelabs","url":"https:\/\/hello.pricelabs.co\/fr\/","logo":{"@type":"ImageObject","inLanguage":"fr-FR","@id":"https:\/\/hello.pricelabs.co\/fr\/#\/schema\/logo\/image\/","url":"https:\/\/hello.pricelabs.co\/wp-content\/uploads\/2023\/09\/cropped-Pricelabs-Logo-element.png","contentUrl":"https:\/\/hello.pricelabs.co\/wp-content\/uploads\/2023\/09\/cropped-Pricelabs-Logo-element.png","width":512,"height":512,"caption":"Pricelabs"},"image":{"@id":"https:\/\/hello.pricelabs.co\/fr\/#\/schema\/logo\/image\/"},"sameAs":["https:\/\/www.facebook.com\/PriceLabs1\/","https:\/\/x.com\/Price_Labs","https:\/\/www.linkedin.com\/company\/pricelabs\/"]},{"@type":"Person","@id":"https:\/\/hello.pricelabs.co\/fr\/#\/schema\/person\/eb90c05187435f00e63a8578fd380d80","name":"Romain Giacalone","image":{"@type":"ImageObject","inLanguage":"fr-FR","@id":"https:\/\/secure.gravatar.com\/avatar\/279ac5437b9e90df548349694018e5d07fac2612d056c301083199b771a18efd?s=96&d=mm&r=g","url":"https:\/\/secure.gravatar.com\/avatar\/279ac5437b9e90df548349694018e5d07fac2612d056c301083199b771a18efd?s=96&d=mm&r=g","contentUrl":"https:\/\/secure.gravatar.com\/avatar\/279ac5437b9e90df548349694018e5d07fac2612d056c301083199b771a18efd?s=96&d=mm&r=g","caption":"Romain Giacalone"},"description":"Romain is a french Marketer at PriceLabs, he has been supporting PriceLabs for many years now in its development in French-speaking markets","url":"https:\/\/hello.pricelabs.co\/fr\/author\/romain\/"},{"@type":"Question","@id":"https:\/\/hello.pricelabs.co\/fr\/blog\/tendances-locatives-2025-en-corse-analyse-pricelabs-et-conseils-pratiques\/#faq-question-1758038970152","position":1,"url":"https:\/\/hello.pricelabs.co\/fr\/blog\/tendances-locatives-2025-en-corse-analyse-pricelabs-et-conseils-pratiques\/#faq-question-1758038970152","name":"Quelle est la dur\u00e9e moyenne des s\u00e9jours en Corse ?","answerCount":1,"acceptedAnswer":{"@type":"Answer","text":"Elle est de\u00a0<strong>6 nuits en moyenne<\/strong>, selon les donn\u00e9es PriceLabs 2025. (Tous types de logements confondus)","inLanguage":"fr-FR"},"inLanguage":"fr-FR"},{"@type":"Question","@id":"https:\/\/hello.pricelabs.co\/fr\/blog\/tendances-locatives-2025-en-corse-analyse-pricelabs-et-conseils-pratiques\/#faq-question-1758038977307","position":2,"url":"https:\/\/hello.pricelabs.co\/fr\/blog\/tendances-locatives-2025-en-corse-analyse-pricelabs-et-conseils-pratiques\/#faq-question-1758038977307","name":"Les h\u00f4tes utilisent-ils la tarification dynamique ?","answerCount":1,"acceptedAnswer":{"@type":"Answer","text":"Oui, mais seulement\u00a0<strong>la moiti\u00e9 environ<\/strong>.\u00a0<strong>77 %<\/strong>\u00a0continuent avec des prix statiques ou peu ajust\u00e9s.","inLanguage":"fr-FR"},"inLanguage":"fr-FR"},{"@type":"Question","@id":"https:\/\/hello.pricelabs.co\/fr\/blog\/tendances-locatives-2025-en-corse-analyse-pricelabs-et-conseils-pratiques\/#faq-question-1758038996174","position":3,"url":"https:\/\/hello.pricelabs.co\/fr\/blog\/tendances-locatives-2025-en-corse-analyse-pricelabs-et-conseils-pratiques\/#faq-question-1758038996174","name":"Quelles sont les p\u00e9riodes cl\u00e9s pour les revenus ?","answerCount":1,"acceptedAnswer":{"@type":"Answer","text":"La\u00a0<strong>haute saison (juillet \u00e0 septembre)<\/strong>\u00a0concentre pr\u00e8s de\u00a0<strong>49 % des revenus annuels<\/strong>.","inLanguage":"fr-FR"},"inLanguage":"fr-FR"},{"@type":"Question","@id":"https:\/\/hello.pricelabs.co\/fr\/blog\/tendances-locatives-2025-en-corse-analyse-pricelabs-et-conseils-pratiques\/#faq-question-1758039008290","position":4,"url":"https:\/\/hello.pricelabs.co\/fr\/blog\/tendances-locatives-2025-en-corse-analyse-pricelabs-et-conseils-pratiques\/#faq-question-1758039008290","name":"La r\u00e9gulation va-t-elle impacter les h\u00f4tes ?","answerCount":1,"acceptedAnswer":{"@type":"Answer","text":"Oui. La loi adopt\u00e9e en 2025 impose un enregistrement obligatoire et restreint certains avantages fiscaux.","inLanguage":"fr-FR"},"inLanguage":"fr-FR"}]}},"modified_by":"Vinay Sahu","amp_enabled":false,"_links":{"self":[{"href":"https:\/\/hello.pricelabs.co\/fr\/wp-json\/wp\/v2\/posts\/107314","targetHints":{"allow":["GET"]}}],"collection":[{"href":"https:\/\/hello.pricelabs.co\/fr\/wp-json\/wp\/v2\/posts"}],"about":[{"href":"https:\/\/hello.pricelabs.co\/fr\/wp-json\/wp\/v2\/types\/post"}],"author":[{"embeddable":true,"href":"https:\/\/hello.pricelabs.co\/fr\/wp-json\/wp\/v2\/users\/22"}],"replies":[{"embeddable":true,"href":"https:\/\/hello.pricelabs.co\/fr\/wp-json\/wp\/v2\/comments?post=107314"}],"version-history":[{"count":1,"href":"https:\/\/hello.pricelabs.co\/fr\/wp-json\/wp\/v2\/posts\/107314\/revisions"}],"predecessor-version":[{"id":136540,"href":"https:\/\/hello.pricelabs.co\/fr\/wp-json\/wp\/v2\/posts\/107314\/revisions\/136540"}],"wp:featuredmedia":[{"embeddable":true,"href":"https:\/\/hello.pricelabs.co\/fr\/wp-json\/wp\/v2\/media\/107341"}],"wp:attachment":[{"href":"https:\/\/hello.pricelabs.co\/fr\/wp-json\/wp\/v2\/media?parent=107314"}],"wp:term":[{"taxonomy":"category","embeddable":true,"href":"https:\/\/hello.pricelabs.co\/fr\/wp-json\/wp\/v2\/categories?post=107314"},{"taxonomy":"post_tag","embeddable":true,"href":"https:\/\/hello.pricelabs.co\/fr\/wp-json\/wp\/v2\/tags?post=107314"}],"curies":[{"name":"wp","href":"https:\/\/api.w.org\/{rel}","templated":true}]}}