{"id":55113,"date":"2024-01-17T16:37:00","date_gmt":"2024-01-17T16:37:00","guid":{"rendered":"https:\/\/hello.pricelabs.co\/?p=55113"},"modified":"2024-10-17T07:49:17","modified_gmt":"2024-10-17T07:49:17","slug":"tendenze-ripresa-post-covid-case-vacanze","status":"publish","type":"post","link":"https:\/\/hello.pricelabs.co\/it\/blog\/tendenze-ripresa-post-covid-case-vacanze\/","title":{"rendered":"Tendenze di ripresa contrastanti tra mercati urbani e vacanzieri"},"content":{"rendered":"<div id=\"ez-toc-container\" class=\"ez-toc-v2_0_82_2 counter-flat ez-toc-counter ez-toc-grey ez-toc-container-direction\">\n<div class=\"ez-toc-title-container\">\n<p class=\"ez-toc-title\" style=\"cursor:inherit\">Indice<\/p>\n<span class=\"ez-toc-title-toggle\"><\/span><\/div>\n<nav><ul class='ez-toc-list ez-toc-list-level-1 ' ><li class='ez-toc-page-1'><a class=\"ez-toc-link ez-toc-heading-1\" href=\"https:\/\/hello.pricelabs.co\/it\/blog\/tendenze-ripresa-post-covid-case-vacanze\/#i-mercati-degli-affitti-per-le-vacanze-si-stanno-generalmente-riprendendo-piu-velocemente-di-quelli-urbani\" data-wpel-link=\"internal\">I mercati degli affitti per le vacanze si stanno generalmente riprendendo pi\u00f9 velocemente di quelli urbani<\/a><\/li><li class='ez-toc-page-1'><a class=\"ez-toc-link ez-toc-heading-2\" href=\"https:\/\/hello.pricelabs.co\/it\/blog\/tendenze-ripresa-post-covid-case-vacanze\/#la-tendenza-delle-prenotazioni-a-medio-termine-sta-volgendo-al-termine\" data-wpel-link=\"internal\">La tendenza delle prenotazioni a medio termine sta volgendo al termine<\/a><\/li><li class='ez-toc-page-1'><a class=\"ez-toc-link ez-toc-heading-3\" href=\"https:\/\/hello.pricelabs.co\/it\/blog\/tendenze-ripresa-post-covid-case-vacanze\/#a-parte-il-mercato-nordamericano-degli-affitti-per-le-vacanze-i-prezzi-sono-depressi-ovunque\" data-wpel-link=\"internal\">A parte il mercato nordamericano degli affitti per le vacanze, i prezzi sono depressi ovunque<\/a><\/li><li class='ez-toc-page-1'><a class=\"ez-toc-link ez-toc-heading-4\" href=\"https:\/\/hello.pricelabs.co\/it\/blog\/tendenze-ripresa-post-covid-case-vacanze\/#gli-ospiti-si-sentono-di-nuovo-a-proprio-agio-nel-prenotare-soggiorni-per-i-piu-lontani\" data-wpel-link=\"internal\">Gli ospiti si sentono di nuovo a proprio agio nel prenotare soggiorni per i pi\u00f9 lontani<\/a><\/li><\/ul><\/nav><\/div>\n\n<p>Negli ultimi mesi, abbiamo monitorato i dati delle prenotazioni in tutto il mondo! Questi dati ci hanno aiutato a comprendere i modelli di prenotazione e a informare la strategia di prezzo per il nostro algoritmo. Gli utenti hanno anche utilizzato questi dati tramite <a href=\"https:\/\/hello.pricelabs.co\/it\/dashboard-di-mercato\/\" data-wpel-link=\"internal\">dashboard di mercato<\/a> per aggiornare la loro strategia di prezzo tramite le nostre <a href=\"https:\/\/help.pricelabs.co\/portal\/en\/kb\/articles\/pricing-customizations\" data-wpel-link=\"external\" target=\"_blank\" rel=\"external noopener noreferrer\">personalizzazioni dei prezzi e dei soggiorni minimi<\/a>.  <\/p>\n\n\n\n<p><span data-preserver-spaces=\"true\">I dati che abbiamo mostrato nel nostro ultimo <\/span><a class=\"_e75a791d-denali-editor-page-rtfLink\" href=\"https:\/\/www.youtube.com\/watch?v=fRhOxq9urxw\" target=\"_blank\" rel=\"noopener noreferrer external\" data-wpel-link=\"external\"><span data-preserver-spaces=\"true\">webinar (sulle tendenze di ripresa)<\/span><\/a><span data-preserver-spaces=\"true\"> sono stati particolarmente sorprendenti e ne presentiamo alcuni qui (aggiornati man mano che riceviamo pi\u00f9 dati).<\/span><\/p>\n\n\n\n<p>Esaminiamo qui 4 grandi temi sulle tendenze nelle prenotazioni di case vacanze e a breve termine:<\/p>\n\n\n\n<h2 class=\"wp-block-heading\" id=\"h-i-mercati-degli-affitti-per-le-vacanze-si-stanno-generalmente-riprendendo-piu-velocemente-di-quelli-urbani\"><span class=\"ez-toc-section\" id=\"i-mercati-degli-affitti-per-le-vacanze-si-stanno-generalmente-riprendendo-piu-velocemente-di-quelli-urbani\"><\/span><span data-preserver-spaces=\"true\">I mercati degli affitti per le vacanze si stanno generalmente riprendendo pi\u00f9 velocemente di quelli urbani<\/span><span class=\"ez-toc-section-end\"><\/span><\/h2>\n\n\n\n<p>Questo era in qualche modo previsto: i centri urbani fanno molto affidamento su grandi raduni di persone (conferenze, concerti, riunioni di lavoro) per la domanda di viaggio. La maggior parte dei grandi eventi in tutto il mondo sono stati cancellati e la domanda delle imprese tarder\u00e0 a riprendersi. <\/p>\n\n\n\n<p>Allo stesso modo, il turismo interno sar\u00e0 il primo a ripartire e tutti esiteranno a viaggiare oltre confine per un po&#8217;. Ci\u00f2 significa che paesi come gli Stati Uniti, con una quota molto maggiore di turisti nazionali, si riprenderanno prima. <\/p>\n\n\n\n<figure class=\"wp-block-image aligncenter\"><img decoding=\"async\" src=\"https:\/\/hello.pricelabs.co\/wp-content\/uploads\/2020\/06\/MidJuly-BookingVolume.png\" alt=\"\" class=\"wp-image-1660\"\/><\/figure>\n\n\n\n<h2 class=\"wp-block-heading\" id=\"h-la-tendenza-delle-prenotazioni-a-medio-termine-sta-volgendo-al-termine\"><span class=\"ez-toc-section\" id=\"la-tendenza-delle-prenotazioni-a-medio-termine-sta-volgendo-al-termine\"><\/span><span data-preserver-spaces=\"true\">La tendenza delle prenotazioni a medio termine sta volgendo al termine<\/span><span class=\"ez-toc-section-end\"><\/span><\/h2>\n\n\n\n<p>A marzo e aprile, c&#8217;\u00e8 stata un&#8217;impennata delle prenotazioni a medio termine, mentre le prenotazioni pi\u00f9 brevi si sono prosciugate. Il risultato \u00e8 stato che la durata media del soggiorno (LOS) \u00e8 raddoppiata in alcune localit\u00e0. La durata media \u00e8 ora tornata ai livelli osservati all&#8217;inizio dell&#8217;anno, indicando che i soggiorni a medio termine erano pi\u00f9 una tendenza a breve termine. Questo non significa che non ti concentri sull&#8217;attrazione di soggiorni pi\u00f9 lunghi: in assenza dei consueti livelli di domanda per soggiorni brevi, i soggiorni a medio termine dovrebbero comunque essere qualcosa da attirare per aumentare le entrate dai tuoi annunci.   <\/p>\n\n\n\n<figure class=\"wp-block-image aligncenter size-large\"><img decoding=\"async\" src=\"https:\/\/hello.pricelabs.co\/wp-content\/uploads\/2020\/07\/MidJuly-LOS.png\" alt=\"LOS medio per mercato e mese di prenotazione\" class=\"wp-image-1710\"\/><\/figure>\n\n\n\n<h2 class=\"wp-block-heading\" id=\"h-a-parte-il-mercato-nordamericano-degli-affitti-per-le-vacanze-i-prezzi-sono-depressi-ovunque\"><span class=\"ez-toc-section\" id=\"a-parte-il-mercato-nordamericano-degli-affitti-per-le-vacanze-i-prezzi-sono-depressi-ovunque\"><\/span><span data-preserver-spaces=\"true\">A parte il mercato nordamericano degli affitti per le vacanze, i prezzi sono depressi ovunque<\/span><span class=\"ez-toc-section-end\"><\/span><\/h2>\n\n\n\n<p>L&#8217;andamento dei prezzi \u00e8 indicativo della domanda e della ripresa: il mercato nordamericano degli affitti per le vacanze \u00e8 rimbalzato fortemente, e si vede nel prezzo!<\/p>\n\n\n\n<figure class=\"wp-block-image aligncenter\"><img decoding=\"async\" src=\"https:\/\/hello.pricelabs.co\/wp-content\/uploads\/2020\/07\/Mid-July-ADR.png\" alt=\"Tariffa media notturna prenotata per mercato e mese di prenotazione\" class=\"wp-image-1658\"\/><\/figure>\n\n\n\n<h2 class=\"wp-block-heading\" id=\"h-gli-ospiti-si-sentono-di-nuovo-a-proprio-agio-nel-prenotare-soggiorni-per-i-piu-lontani\"><span class=\"ez-toc-section\" id=\"gli-ospiti-si-sentono-di-nuovo-a-proprio-agio-nel-prenotare-soggiorni-per-i-piu-lontani\"><\/span><span data-preserver-spaces=\"true\">Gli ospiti si sentono di nuovo a proprio agio nel prenotare soggiorni per i pi\u00f9 lontani<\/span><span class=\"ez-toc-section-end\"><\/span><\/h2>\n\n\n\n<p>\r\n<p>Un&#8217;altra grande tendenza che abbiamo visto durante il picco di incertezza \u00e8 stata che si stavano verificando molti pi\u00f9 soggiorni super last minute (la quota di prenotazioni lo stesso giorno e la stessa settimana sono aumentate vertiginosamente). Era comprensibile, dato che nessuno sapeva se sarebbero stati in grado di fare viaggi pi\u00f9 lontani o meno. Da allora ci sono stati alcuni cambiamenti:  <\/p>\r\n<ul>\r\n<li>There is still uncertainty in the markets, and share of super last min stays (in purples) is still higher than in Jan\/Feb. But it has come down significantly from the peak in March-April.<\/li>\r\n<li>Compared to the peak of COVID19, we do see more and more bookings happening for dates a week to a month out in the future (marked by the arrows below).<\/li>\r\n<li>Bookings for dates more than 1 month out have not recovered (even as a share of all bookings) to the levels in Jan\/Feb this year (in orange\/red\/pink).<\/li>\r\n<\/ul>\r<\/p>\n\n\n\n<figure class=\"wp-block-image aligncenter\"><img decoding=\"async\" src=\"https:\/\/hello.pricelabs.co\/wp-content\/uploads\/2020\/06\/Mid-July-LT-Mix-1.png\" alt=\"\" class=\"wp-image-1661\"\/><\/figure>\n\n\n\n<p>Ci auguriamo che questo ti dia un&#8217;idea di ci\u00f2 che sta accadendo in tutto il mondo e ti aiuti a dare un senso a ci\u00f2 che potrebbe accadere nel tuo portfolio. Se avete domande su questi dati, su come interpretarli e utilizzarli o su come ottenere dati pi\u00f9 localizzati, fatecelo sapere all&#8217;indirizzo support@pricelabs.co! <\/p>\n","protected":false},"excerpt":{"rendered":"<p>Negli ultimi mesi, abbiamo monitorato i dati delle prenotazioni in tutto il mondo! Questi dati ci hanno aiutato a comprendere i modelli di prenotazione e a informare la strategia di prezzo per il nostro algoritmo. Gli utenti hanno anche utilizzato questi dati tramite dashboard di mercato per aggiornare la loro strategia di prezzo tramite le [&hellip;]<\/p>\n","protected":false},"author":37,"featured_media":25485,"comment_status":"closed","ping_status":"closed","sticky":false,"template":"","format":"standard","meta":{"_acf_changed":false,"_yoast_wpseo_title":"Tendenze di ripresa post-Covid per le case vacanze","_yoast_wpseo_metadesc":"Le tendenze di ripresa post Covid per le case vacanze e gli airbnb sono diverse tra mercati urbani e mercati turistici e anche tra Stati Uniti ed Europa!","om_disable_all_campaigns":false,"inline_featured_image":false,"_lmt_disableupdate":"","_lmt_disable":"","site-sidebar-layout":"default","site-content-layout":"default","ast-site-content-layout":"default","site-content-style":"default","site-sidebar-style":"default","ast-global-header-display":"","ast-banner-title-visibility":"","ast-main-header-display":"","ast-hfb-above-header-display":"","ast-hfb-below-header-display":"","ast-hfb-mobile-header-display":"","site-post-title":"","ast-breadcrumbs-content":"","ast-featured-img":"","footer-sml-layout":"","ast-disable-related-posts":"","theme-transparent-header-meta":"default","adv-header-id-meta":"","stick-header-meta":"","header-above-stick-meta":"","header-main-stick-meta":"","header-below-stick-meta":"","astra-migrate-meta-layouts":"set","ast-page-background-enabled":"default","ast-page-background-meta":{"desktop":{"background-color":"","background-image":"","background-repeat":"repeat","background-position":"center center","background-size":"auto","background-attachment":"scroll","background-type":"","background-media":"","overlay-type":"","overlay-color":"","overlay-opacity":"","overlay-gradient":""},"tablet":{"background-color":"","background-image":"","background-repeat":"repeat","background-position":"center center","background-size":"auto","background-attachment":"scroll","background-type":"","background-media":"","overlay-type":"","overlay-color":"","overlay-opacity":"","overlay-gradient":""},"mobile":{"background-color":"","background-image":"","background-repeat":"repeat","background-position":"center center","background-size":"auto","background-attachment":"scroll","background-type":"","background-media":"","overlay-type":"","overlay-color":"","overlay-opacity":"","overlay-gradient":""}},"ast-content-background-meta":{"desktop":{"background-color":"var(--ast-global-color-5)","background-image":"","background-repeat":"repeat","background-position":"center center","background-size":"auto","background-attachment":"scroll","background-type":"","background-media":"","overlay-type":"","overlay-color":"","overlay-opacity":"","overlay-gradient":""},"tablet":{"background-color":"var(--ast-global-color-5)","background-image":"","background-repeat":"repeat","background-position":"center center","background-size":"auto","background-attachment":"scroll","background-type":"","background-media":"","overlay-type":"","overlay-color":"","overlay-opacity":"","overlay-gradient":""},"mobile":{"background-color":"var(--ast-global-color-5)","background-image":"","background-repeat":"repeat","background-position":"center center","background-size":"auto","background-attachment":"scroll","background-type":"","background-media":"","overlay-type":"","overlay-color":"","overlay-opacity":"","overlay-gradient":""}},"footnotes":""},"categories":[254],"tags":[574,530,575,576],"class_list":["post-55113","post","type-post","status-publish","format-standard","has-post-thumbnail","hentry","category-property-manager","tag-covid-19-it","tag-data-it","tag-guarigione","tag-tendenze"],"acf":[],"yoast_head":"<!-- This site is optimized with the Yoast SEO Premium plugin v22.8 (Yoast SEO v27.2) - https:\/\/yoast.com\/product\/yoast-seo-premium-wordpress\/ -->\n<title>Tendenze di ripresa post-Covid per le case vacanze<\/title>\n<meta name=\"description\" content=\"Le tendenze di ripresa post Covid per le case vacanze e gli airbnb sono diverse tra mercati urbani e mercati turistici e anche tra Stati Uniti ed Europa!\" \/>\n<meta name=\"robots\" content=\"index, follow, max-snippet:-1, max-image-preview:large, max-video-preview:-1\" \/>\n<link rel=\"canonical\" href=\"https:\/\/hello.pricelabs.co\/it\/blog\/tendenze-ripresa-post-covid-case-vacanze\/\" \/>\n<meta property=\"og:locale\" content=\"it_IT\" \/>\n<meta property=\"og:type\" content=\"article\" \/>\n<meta property=\"og:title\" content=\"Tendenze di ripresa contrastanti tra mercati urbani e vacanzieri\" \/>\n<meta property=\"og:description\" content=\"Le tendenze di ripresa post Covid per le case vacanze e gli airbnb sono diverse tra mercati urbani e mercati turistici e anche tra Stati Uniti ed Europa!\" \/>\n<meta property=\"og:url\" content=\"https:\/\/hello.pricelabs.co\/it\/blog\/tendenze-ripresa-post-covid-case-vacanze\/\" \/>\n<meta property=\"og:site_name\" content=\"PriceLabs\" \/>\n<meta property=\"article:publisher\" content=\"https:\/\/www.facebook.com\/PriceLabs1\/\" \/>\n<meta property=\"article:published_time\" content=\"2024-01-17T16:37:00+00:00\" \/>\n<meta property=\"article:modified_time\" content=\"2024-10-17T07:49:17+00:00\" \/>\n<meta property=\"og:image\" content=\"https:\/\/hello.pricelabs.co\/wp-content\/uploads\/2020\/07\/Contrasting-Recovery-Trends-Between-Urban-vs-Vacation-Markets.png\" \/>\n\t<meta property=\"og:image:width\" content=\"2075\" \/>\n\t<meta property=\"og:image:height\" content=\"1196\" \/>\n\t<meta property=\"og:image:type\" content=\"image\/png\" \/>\n<meta name=\"author\" content=\"Alessandro Poncini\" \/>\n<meta name=\"twitter:card\" content=\"summary_large_image\" \/>\n<meta name=\"twitter:creator\" content=\"@Price_Labs\" \/>\n<meta name=\"twitter:site\" content=\"@Price_Labs\" \/>\n<meta name=\"twitter:label1\" content=\"Scritto da\" \/>\n\t<meta name=\"twitter:data1\" content=\"Alessandro Poncini\" \/>\n\t<meta name=\"twitter:label2\" content=\"Tempo di lettura stimato\" \/>\n\t<meta name=\"twitter:data2\" content=\"5 minuti\" \/>\n<script type=\"application\/ld+json\" class=\"yoast-schema-graph\">{\"@context\":\"https:\/\/schema.org\",\"@graph\":[{\"@type\":\"Article\",\"@id\":\"https:\/\/hello.pricelabs.co\/it\/blog\/tendenze-ripresa-post-covid-case-vacanze\/#article\",\"isPartOf\":{\"@id\":\"https:\/\/hello.pricelabs.co\/it\/blog\/tendenze-ripresa-post-covid-case-vacanze\/\"},\"author\":{\"name\":\"Alessandro Poncini\",\"@id\":\"https:\/\/hello.pricelabs.co\/it\/#\/schema\/person\/0f5cd8920ac893ce2fa46537d7ea1dd3\"},\"headline\":\"Tendenze di ripresa contrastanti tra mercati urbani e vacanzieri\",\"datePublished\":\"2024-01-17T16:37:00+00:00\",\"dateModified\":\"2024-10-17T07:49:17+00:00\",\"mainEntityOfPage\":{\"@id\":\"https:\/\/hello.pricelabs.co\/it\/blog\/tendenze-ripresa-post-covid-case-vacanze\/\"},\"wordCount\":601,\"publisher\":{\"@id\":\"https:\/\/hello.pricelabs.co\/it\/#organization\"},\"image\":{\"@id\":\"https:\/\/hello.pricelabs.co\/it\/blog\/tendenze-ripresa-post-covid-case-vacanze\/#primaryimage\"},\"thumbnailUrl\":\"https:\/\/hello.pricelabs.co\/wp-content\/uploads\/2020\/07\/Contrasting-Recovery-Trends-Between-Urban-vs-Vacation-Markets.png\",\"keywords\":[\"Covid-19\",\"data\",\"guarigione\",\"tendenze\"],\"articleSection\":[\"Property Manager\"],\"inLanguage\":\"it-IT\"},{\"@type\":\"WebPage\",\"@id\":\"https:\/\/hello.pricelabs.co\/it\/blog\/tendenze-ripresa-post-covid-case-vacanze\/\",\"url\":\"https:\/\/hello.pricelabs.co\/it\/blog\/tendenze-ripresa-post-covid-case-vacanze\/\",\"name\":\"Tendenze di ripresa post-Covid per le case vacanze\",\"isPartOf\":{\"@id\":\"https:\/\/hello.pricelabs.co\/it\/#website\"},\"primaryImageOfPage\":{\"@id\":\"https:\/\/hello.pricelabs.co\/it\/blog\/tendenze-ripresa-post-covid-case-vacanze\/#primaryimage\"},\"image\":{\"@id\":\"https:\/\/hello.pricelabs.co\/it\/blog\/tendenze-ripresa-post-covid-case-vacanze\/#primaryimage\"},\"thumbnailUrl\":\"https:\/\/hello.pricelabs.co\/wp-content\/uploads\/2020\/07\/Contrasting-Recovery-Trends-Between-Urban-vs-Vacation-Markets.png\",\"datePublished\":\"2024-01-17T16:37:00+00:00\",\"dateModified\":\"2024-10-17T07:49:17+00:00\",\"description\":\"Le tendenze di ripresa post Covid per le case vacanze e gli airbnb sono diverse tra mercati urbani e mercati turistici e anche tra Stati Uniti ed Europa!\",\"breadcrumb\":{\"@id\":\"https:\/\/hello.pricelabs.co\/it\/blog\/tendenze-ripresa-post-covid-case-vacanze\/#breadcrumb\"},\"inLanguage\":\"it-IT\",\"potentialAction\":[{\"@type\":\"ReadAction\",\"target\":[\"https:\/\/hello.pricelabs.co\/it\/blog\/tendenze-ripresa-post-covid-case-vacanze\/\"]}]},{\"@type\":\"ImageObject\",\"inLanguage\":\"it-IT\",\"@id\":\"https:\/\/hello.pricelabs.co\/it\/blog\/tendenze-ripresa-post-covid-case-vacanze\/#primaryimage\",\"url\":\"https:\/\/hello.pricelabs.co\/wp-content\/uploads\/2020\/07\/Contrasting-Recovery-Trends-Between-Urban-vs-Vacation-Markets.png\",\"contentUrl\":\"https:\/\/hello.pricelabs.co\/wp-content\/uploads\/2020\/07\/Contrasting-Recovery-Trends-Between-Urban-vs-Vacation-Markets.png\",\"width\":2075,\"height\":1196},{\"@type\":\"BreadcrumbList\",\"@id\":\"https:\/\/hello.pricelabs.co\/it\/blog\/tendenze-ripresa-post-covid-case-vacanze\/#breadcrumb\",\"itemListElement\":[{\"@type\":\"ListItem\",\"position\":1,\"name\":\"Home\",\"item\":\"https:\/\/hello.pricelabs.co\/it\/\"},{\"@type\":\"ListItem\",\"position\":2,\"name\":\"Tendenze di ripresa contrastanti tra mercati urbani e vacanzieri\"}]},{\"@type\":\"WebSite\",\"@id\":\"https:\/\/hello.pricelabs.co\/it\/#website\",\"url\":\"https:\/\/hello.pricelabs.co\/it\/\",\"name\":\"PriceLabs\",\"description\":\"\",\"publisher\":{\"@id\":\"https:\/\/hello.pricelabs.co\/it\/#organization\"},\"potentialAction\":[{\"@type\":\"SearchAction\",\"target\":{\"@type\":\"EntryPoint\",\"urlTemplate\":\"https:\/\/hello.pricelabs.co\/it\/?s={search_term_string}\"},\"query-input\":{\"@type\":\"PropertyValueSpecification\",\"valueRequired\":true,\"valueName\":\"search_term_string\"}}],\"inLanguage\":\"it-IT\"},{\"@type\":\"Organization\",\"@id\":\"https:\/\/hello.pricelabs.co\/it\/#organization\",\"name\":\"Pricelabs\",\"url\":\"https:\/\/hello.pricelabs.co\/it\/\",\"logo\":{\"@type\":\"ImageObject\",\"inLanguage\":\"it-IT\",\"@id\":\"https:\/\/hello.pricelabs.co\/it\/#\/schema\/logo\/image\/\",\"url\":\"https:\/\/hello.pricelabs.co\/wp-content\/uploads\/2023\/09\/cropped-Pricelabs-Logo-element.png\",\"contentUrl\":\"https:\/\/hello.pricelabs.co\/wp-content\/uploads\/2023\/09\/cropped-Pricelabs-Logo-element.png\",\"width\":512,\"height\":512,\"caption\":\"Pricelabs\"},\"image\":{\"@id\":\"https:\/\/hello.pricelabs.co\/it\/#\/schema\/logo\/image\/\"},\"sameAs\":[\"https:\/\/www.facebook.com\/PriceLabs1\/\",\"https:\/\/x.com\/Price_Labs\",\"https:\/\/www.linkedin.com\/company\/pricelabs\/\"]},{\"@type\":\"Person\",\"@id\":\"https:\/\/hello.pricelabs.co\/it\/#\/schema\/person\/0f5cd8920ac893ce2fa46537d7ea1dd3\",\"name\":\"Alessandro Poncini\",\"image\":{\"@type\":\"ImageObject\",\"inLanguage\":\"it-IT\",\"@id\":\"https:\/\/secure.gravatar.com\/avatar\/6e6962774fda8d1e8fc4b2151cdbb920b31ce8bacdfa137132eaaa683d33ebf3?s=96&d=mm&r=g\",\"url\":\"https:\/\/secure.gravatar.com\/avatar\/6e6962774fda8d1e8fc4b2151cdbb920b31ce8bacdfa137132eaaa683d33ebf3?s=96&d=mm&r=g\",\"contentUrl\":\"https:\/\/secure.gravatar.com\/avatar\/6e6962774fda8d1e8fc4b2151cdbb920b31ce8bacdfa137132eaaa683d33ebf3?s=96&d=mm&r=g\",\"caption\":\"Alessandro Poncini\"},\"url\":\"https:\/\/hello.pricelabs.co\/it\/author\/alessandro\/\"}]}<\/script>\n<!-- \/ Yoast SEO Premium plugin. -->","yoast_head_json":{"title":"Tendenze di ripresa post-Covid per le case vacanze","description":"Le tendenze di ripresa post Covid per le case vacanze e gli airbnb sono diverse tra mercati urbani e mercati turistici e anche tra Stati Uniti ed Europa!","robots":{"index":"index","follow":"follow","max-snippet":"max-snippet:-1","max-image-preview":"max-image-preview:large","max-video-preview":"max-video-preview:-1"},"canonical":"https:\/\/hello.pricelabs.co\/it\/blog\/tendenze-ripresa-post-covid-case-vacanze\/","og_locale":"it_IT","og_type":"article","og_title":"Tendenze di ripresa contrastanti tra mercati urbani e vacanzieri","og_description":"Le tendenze di ripresa post Covid per le case vacanze e gli airbnb sono diverse tra mercati urbani e mercati turistici e anche tra Stati Uniti ed Europa!","og_url":"https:\/\/hello.pricelabs.co\/it\/blog\/tendenze-ripresa-post-covid-case-vacanze\/","og_site_name":"PriceLabs","article_publisher":"https:\/\/www.facebook.com\/PriceLabs1\/","article_published_time":"2024-01-17T16:37:00+00:00","article_modified_time":"2024-10-17T07:49:17+00:00","og_image":[{"width":2075,"height":1196,"url":"https:\/\/hello.pricelabs.co\/wp-content\/uploads\/2020\/07\/Contrasting-Recovery-Trends-Between-Urban-vs-Vacation-Markets.png","type":"image\/png"}],"author":"Alessandro Poncini","twitter_card":"summary_large_image","twitter_creator":"@Price_Labs","twitter_site":"@Price_Labs","twitter_misc":{"Scritto da":"Alessandro Poncini","Tempo di lettura stimato":"5 minuti"},"schema":{"@context":"https:\/\/schema.org","@graph":[{"@type":"Article","@id":"https:\/\/hello.pricelabs.co\/it\/blog\/tendenze-ripresa-post-covid-case-vacanze\/#article","isPartOf":{"@id":"https:\/\/hello.pricelabs.co\/it\/blog\/tendenze-ripresa-post-covid-case-vacanze\/"},"author":{"name":"Alessandro Poncini","@id":"https:\/\/hello.pricelabs.co\/it\/#\/schema\/person\/0f5cd8920ac893ce2fa46537d7ea1dd3"},"headline":"Tendenze di ripresa contrastanti tra mercati urbani e vacanzieri","datePublished":"2024-01-17T16:37:00+00:00","dateModified":"2024-10-17T07:49:17+00:00","mainEntityOfPage":{"@id":"https:\/\/hello.pricelabs.co\/it\/blog\/tendenze-ripresa-post-covid-case-vacanze\/"},"wordCount":601,"publisher":{"@id":"https:\/\/hello.pricelabs.co\/it\/#organization"},"image":{"@id":"https:\/\/hello.pricelabs.co\/it\/blog\/tendenze-ripresa-post-covid-case-vacanze\/#primaryimage"},"thumbnailUrl":"https:\/\/hello.pricelabs.co\/wp-content\/uploads\/2020\/07\/Contrasting-Recovery-Trends-Between-Urban-vs-Vacation-Markets.png","keywords":["Covid-19","data","guarigione","tendenze"],"articleSection":["Property Manager"],"inLanguage":"it-IT"},{"@type":"WebPage","@id":"https:\/\/hello.pricelabs.co\/it\/blog\/tendenze-ripresa-post-covid-case-vacanze\/","url":"https:\/\/hello.pricelabs.co\/it\/blog\/tendenze-ripresa-post-covid-case-vacanze\/","name":"Tendenze di ripresa post-Covid per le case vacanze","isPartOf":{"@id":"https:\/\/hello.pricelabs.co\/it\/#website"},"primaryImageOfPage":{"@id":"https:\/\/hello.pricelabs.co\/it\/blog\/tendenze-ripresa-post-covid-case-vacanze\/#primaryimage"},"image":{"@id":"https:\/\/hello.pricelabs.co\/it\/blog\/tendenze-ripresa-post-covid-case-vacanze\/#primaryimage"},"thumbnailUrl":"https:\/\/hello.pricelabs.co\/wp-content\/uploads\/2020\/07\/Contrasting-Recovery-Trends-Between-Urban-vs-Vacation-Markets.png","datePublished":"2024-01-17T16:37:00+00:00","dateModified":"2024-10-17T07:49:17+00:00","description":"Le tendenze di ripresa post Covid per le case vacanze e gli airbnb sono diverse tra mercati urbani e mercati turistici e anche tra Stati Uniti ed Europa!","breadcrumb":{"@id":"https:\/\/hello.pricelabs.co\/it\/blog\/tendenze-ripresa-post-covid-case-vacanze\/#breadcrumb"},"inLanguage":"it-IT","potentialAction":[{"@type":"ReadAction","target":["https:\/\/hello.pricelabs.co\/it\/blog\/tendenze-ripresa-post-covid-case-vacanze\/"]}]},{"@type":"ImageObject","inLanguage":"it-IT","@id":"https:\/\/hello.pricelabs.co\/it\/blog\/tendenze-ripresa-post-covid-case-vacanze\/#primaryimage","url":"https:\/\/hello.pricelabs.co\/wp-content\/uploads\/2020\/07\/Contrasting-Recovery-Trends-Between-Urban-vs-Vacation-Markets.png","contentUrl":"https:\/\/hello.pricelabs.co\/wp-content\/uploads\/2020\/07\/Contrasting-Recovery-Trends-Between-Urban-vs-Vacation-Markets.png","width":2075,"height":1196},{"@type":"BreadcrumbList","@id":"https:\/\/hello.pricelabs.co\/it\/blog\/tendenze-ripresa-post-covid-case-vacanze\/#breadcrumb","itemListElement":[{"@type":"ListItem","position":1,"name":"Home","item":"https:\/\/hello.pricelabs.co\/it\/"},{"@type":"ListItem","position":2,"name":"Tendenze di ripresa contrastanti tra mercati urbani e vacanzieri"}]},{"@type":"WebSite","@id":"https:\/\/hello.pricelabs.co\/it\/#website","url":"https:\/\/hello.pricelabs.co\/it\/","name":"PriceLabs","description":"","publisher":{"@id":"https:\/\/hello.pricelabs.co\/it\/#organization"},"potentialAction":[{"@type":"SearchAction","target":{"@type":"EntryPoint","urlTemplate":"https:\/\/hello.pricelabs.co\/it\/?s={search_term_string}"},"query-input":{"@type":"PropertyValueSpecification","valueRequired":true,"valueName":"search_term_string"}}],"inLanguage":"it-IT"},{"@type":"Organization","@id":"https:\/\/hello.pricelabs.co\/it\/#organization","name":"Pricelabs","url":"https:\/\/hello.pricelabs.co\/it\/","logo":{"@type":"ImageObject","inLanguage":"it-IT","@id":"https:\/\/hello.pricelabs.co\/it\/#\/schema\/logo\/image\/","url":"https:\/\/hello.pricelabs.co\/wp-content\/uploads\/2023\/09\/cropped-Pricelabs-Logo-element.png","contentUrl":"https:\/\/hello.pricelabs.co\/wp-content\/uploads\/2023\/09\/cropped-Pricelabs-Logo-element.png","width":512,"height":512,"caption":"Pricelabs"},"image":{"@id":"https:\/\/hello.pricelabs.co\/it\/#\/schema\/logo\/image\/"},"sameAs":["https:\/\/www.facebook.com\/PriceLabs1\/","https:\/\/x.com\/Price_Labs","https:\/\/www.linkedin.com\/company\/pricelabs\/"]},{"@type":"Person","@id":"https:\/\/hello.pricelabs.co\/it\/#\/schema\/person\/0f5cd8920ac893ce2fa46537d7ea1dd3","name":"Alessandro Poncini","image":{"@type":"ImageObject","inLanguage":"it-IT","@id":"https:\/\/secure.gravatar.com\/avatar\/6e6962774fda8d1e8fc4b2151cdbb920b31ce8bacdfa137132eaaa683d33ebf3?s=96&d=mm&r=g","url":"https:\/\/secure.gravatar.com\/avatar\/6e6962774fda8d1e8fc4b2151cdbb920b31ce8bacdfa137132eaaa683d33ebf3?s=96&d=mm&r=g","contentUrl":"https:\/\/secure.gravatar.com\/avatar\/6e6962774fda8d1e8fc4b2151cdbb920b31ce8bacdfa137132eaaa683d33ebf3?s=96&d=mm&r=g","caption":"Alessandro Poncini"},"url":"https:\/\/hello.pricelabs.co\/it\/author\/alessandro\/"}]}},"modified_by":"Divya Taneja","amp_enabled":true,"_links":{"self":[{"href":"https:\/\/hello.pricelabs.co\/it\/wp-json\/wp\/v2\/posts\/55113","targetHints":{"allow":["GET"]}}],"collection":[{"href":"https:\/\/hello.pricelabs.co\/it\/wp-json\/wp\/v2\/posts"}],"about":[{"href":"https:\/\/hello.pricelabs.co\/it\/wp-json\/wp\/v2\/types\/post"}],"author":[{"embeddable":true,"href":"https:\/\/hello.pricelabs.co\/it\/wp-json\/wp\/v2\/users\/37"}],"replies":[{"embeddable":true,"href":"https:\/\/hello.pricelabs.co\/it\/wp-json\/wp\/v2\/comments?post=55113"}],"version-history":[{"count":0,"href":"https:\/\/hello.pricelabs.co\/it\/wp-json\/wp\/v2\/posts\/55113\/revisions"}],"wp:featuredmedia":[{"embeddable":true,"href":"https:\/\/hello.pricelabs.co\/it\/wp-json\/wp\/v2\/media\/25485"}],"wp:attachment":[{"href":"https:\/\/hello.pricelabs.co\/it\/wp-json\/wp\/v2\/media?parent=55113"}],"wp:term":[{"taxonomy":"category","embeddable":true,"href":"https:\/\/hello.pricelabs.co\/it\/wp-json\/wp\/v2\/categories?post=55113"},{"taxonomy":"post_tag","embeddable":true,"href":"https:\/\/hello.pricelabs.co\/it\/wp-json\/wp\/v2\/tags?post=55113"}],"curies":[{"name":"wp","href":"https:\/\/api.w.org\/{rel}","templated":true}]}}