{"id":99099,"date":"2025-07-11T08:35:58","date_gmt":"2025-07-11T08:35:58","guid":{"rendered":"https:\/\/hello.pricelabs.co\/?p=99099"},"modified":"2025-07-14T14:47:40","modified_gmt":"2025-07-14T14:47:40","slug":"tendenze-stagionali-affitti-italia-2025","status":"publish","type":"post","link":"https:\/\/hello.pricelabs.co\/it\/blog\/tendenze-stagionali-affitti-italia-2025\/","title":{"rendered":"Estate 2025: Uno sguardo al mercato italiano degli affitti brevi e alle novit\u00e0 di PriceLabs"},"content":{"rendered":"<div id=\"ez-toc-container\" class=\"ez-toc-v2_0_82_2 counter-flat ez-toc-counter ez-toc-grey ez-toc-container-direction\">\n<div class=\"ez-toc-title-container\">\n<p class=\"ez-toc-title\" style=\"cursor:inherit\">Indice<\/p>\n<span class=\"ez-toc-title-toggle\"><\/span><\/div>\n<nav><ul class='ez-toc-list ez-toc-list-level-1 ' ><li class='ez-toc-page-1'><a class=\"ez-toc-link ez-toc-heading-1\" href=\"https:\/\/hello.pricelabs.co\/it\/blog\/tendenze-stagionali-affitti-italia-2025\/#evoluzione-del-mercato-segnali-contrastanti\" data-wpel-link=\"internal\">Evoluzione del mercato: segnali contrastanti<\/a><\/li><li class='ez-toc-page-1'><a class=\"ez-toc-link ez-toc-heading-2\" href=\"https:\/\/hello.pricelabs.co\/it\/blog\/tendenze-stagionali-affitti-italia-2025\/#approfondimenti-regionali-differenze-marcate-tra-le-aree\" data-wpel-link=\"internal\">Approfondimenti regionali: differenze marcate tra le aree<\/a><\/li><li class='ez-toc-page-1'><a class=\"ez-toc-link ez-toc-heading-3\" href=\"https:\/\/hello.pricelabs.co\/it\/blog\/tendenze-stagionali-affitti-italia-2025\/#le-novita-di-pricelabs\" data-wpel-link=\"internal\">Le novit\u00e0 di PriceLabs<\/a><\/li><li class='ez-toc-page-1'><a class=\"ez-toc-link ez-toc-heading-4\" href=\"https:\/\/hello.pricelabs.co\/it\/blog\/tendenze-stagionali-affitti-italia-2025\/#prepararsi-alla-stagione-i-quick-pre-season-checks\" data-wpel-link=\"internal\">Prepararsi alla stagione: i Quick Pre-Season Checks<\/a><\/li><li class='ez-toc-page-1'><a class=\"ez-toc-link ez-toc-heading-5\" href=\"https:\/\/hello.pricelabs.co\/it\/blog\/tendenze-stagionali-affitti-italia-2025\/#conclusione-il-2025-porta-sfide-e-opportunita\" data-wpel-link=\"internal\">Conclusione: il 2025 porta sfide e opportunit\u00e0<\/a><\/li><\/ul><\/nav><\/div>\n\n<p>Il mercato degli affitti brevi e delle locazioni turistiche in Italia continua a mostrare segnali interessanti nel 2025. Nel nostro recente webinar, Giovanna Ida Conte (PriceLabs) e Matteo Ceccaroni (Turidea) hanno analizzato i dati pi\u00f9 recenti e presentato le ultime funzionalit\u00e0 di PriceLabs. Ecco i principali punti emersi:<\/p>\n\n\n\n<h2 class=\"wp-block-heading\"><span class=\"ez-toc-section\" id=\"evoluzione-del-mercato-segnali-contrastanti\"><\/span><strong>Evoluzione del mercato: segnali contrastanti<\/strong><span class=\"ez-toc-section-end\"><\/span><\/h2>\n\n\n\n<p><strong>Primavera 2025 (marzo &#8211; maggio)<\/strong><\/p>\n\n\n\n<ul class=\"wp-block-list\">\n<li>Occupazione e ADR (prezzo medio giornaliero) in leggera crescita rispetto al 2024. In aprile, l\u2019ADR ha raggiunto i 125\u20ac (vs. 119\u20ac nel 2024) e l\u2019occupazione ha toccato il 53% (vs. 49% nel 2024), complice il posizionamento favorevole di Pasqua e dei ponti festivi.<\/li>\n<\/ul>\n\n\n\n<p><strong>Estate 2025 (giugno &#8211; agosto)<\/strong><\/p>\n\n\n\n<ul class=\"wp-block-list\">\n<li>L&#8217;ADR continua a crescere, arrivando a 156\u20ac ad agosto (vs. 139\u20ac nel 2024), mentre l&#8217;occupazione resta leggermente pi\u00f9 bassa rispetto all\u2019anno precedente (circa 32%-39% contro 34%-42% del 2024).<\/li>\n<\/ul>\n\n\n\n<h2 class=\"wp-block-heading\"><span class=\"ez-toc-section\" id=\"approfondimenti-regionali-differenze-marcate-tra-le-aree\"><\/span><strong>Approfondimenti regionali: differenze marcate tra le aree<\/strong><span class=\"ez-toc-section-end\"><\/span><\/h2>\n\n\n\n<ul class=\"wp-block-list\">\n<li><strong>Toscana<\/strong>: l\u2019ADR cresce costantemente (fino a 172\u20ac in agosto), ma l\u2019occupazione cala sensibilmente (dal 44% al 39% in luglio).<\/li>\n\n\n\n<li><strong>Lombardia<\/strong>: dinamica simile, con ADR in crescita (fino a 152\u20ac in agosto) ma occupazione in calo fino al 26%.<\/li>\n\n\n\n<li><strong>Altre regioni<\/strong>: Sardegna (+12.2%), Puglia (+9.0%), Sicilia (+8.7%), Lombardia (+8.3%), Molise (+6.4%) e Toscana (+5.7%) mostrano significativi aumenti dell\u2019ADR per l\u2019estate 2025. Tuttavia, il calo di occupazione riguarda quasi tutte le regioni, in particolare Molise (-20%) e Toscana (-11%).<\/li>\n<\/ul>\n\n\n\n<p>Questi dati confermano l\u2019importanza di strategie dinamiche e localizzate di pricing per massimizzare la redditivit\u00e0.<\/p>\n\n\n\n<h2 class=\"wp-block-heading\"><span class=\"ez-toc-section\" id=\"le-novita-di-pricelabs\"><\/span><strong>Le novit\u00e0 di PriceLabs<\/strong><span class=\"ez-toc-section-end\"><\/span><\/h2>\n\n\n\n<p><strong>1. Pagine pi\u00f9 veloci e interfaccia ottimizzata<\/strong><\/p>\n\n\n\n<ul class=\"wp-block-list\">\n<li>La Dashboard dei Prezzi, il Multi Calendario e i Dati del Vicinato si caricano fino al 50% pi\u00f9 rapidamente, ottimizzando il flusso di lavoro quotidiano.<\/li>\n<\/ul>\n\n\n\n<p><strong>2. Nuove mappe negli strumenti di mercato<\/strong><\/p>\n\n\n\n<ul class=\"wp-block-list\">\n<li>Definisci il mercato di riferimento sulla mappa con il Market Dashboard e il Revenue Estimator Pro per individuare competitors davvero rilevanti.<\/li>\n\n\n\n<li>Disponibili nuove mappe interattive sia per l\u2019analisi dei competitor (<strong>Dati del Vicinato<\/strong>) che per impostare il prezzo base (<strong>Aiutami a scegliere un Prezzo Base<\/strong>).<\/li>\n<\/ul>\n\n\n\n<p><strong>3. Algoritmo di pricing ancora pi\u00f9 preciso<\/strong><\/p>\n\n\n\n<ul class=\"wp-block-list\">\n<li>Oltre a fattori classici (stagionalit\u00e0, giorno della settimana, anticipo di prenotazione, occupazione interna), \u00e8 stato introdotto il nuovo <strong>Booking Recency Factor<\/strong>, che adatta automaticamente i prezzi in base all\u2019andamento recente delle prenotazioni nei successivi 30 giorni.<\/li>\n<\/ul>\n\n\n\n<p><strong>4. Funzionalit\u00e0 pensate per grandi portafogli<\/strong><\/p>\n\n\n\n<ul class=\"wp-block-list\">\n<li>Maggiore trasparenza grazie alla lista delle personalizzazioni &#8220;Attualmente applicato&#8221;.<\/li>\n\n\n\n<li>Possibilit\u00e0 di visualizzare l\u2019anteprima dei prezzi prima di applicare modifiche.<\/li>\n\n\n\n<li>Le nuove funzioni del <strong>Report Builder<\/strong> permettono di creare report personalizzati e fissare obiettivi specifici su revenue, occupazione, ADR e RevPAR.<\/li>\n<\/ul>\n\n\n\n<h2 class=\"wp-block-heading\"><span class=\"ez-toc-section\" id=\"prepararsi-alla-stagione-i-quick-pre-season-checks\"><\/span><strong>Prepararsi alla stagione: i Quick Pre-Season Checks<\/strong><span class=\"ez-toc-section-end\"><\/span><\/h2>\n\n\n\n<p>PriceLabs gestisce gi\u00e0 automaticamente gli aggiornamenti stagionali per mantenere tariffe competitive senza investire ore nell\u2019analisi dei dati. Tuttavia, prima di ogni stagione consigliamo due controlli rapidi:<\/p>\n\n\n\n<p><strong>Controllo del prezzo base:<\/strong> la Dashboard dei prezzi segnala eventuali suggerimenti (Nudges) per aggiornare il prezzo base.<\/p>\n\n\n\n<p><strong>Soggiorno minimo:<\/strong> verifica le impostazioni relative al soggiorno minimo. La nuova funzione PriceLabs-Recommended aggiorna automaticamente i soggiorni minimi in base alla domanda di mercato e alla tua occupazione.<\/p>\n\n\n\n<h2 class=\"wp-block-heading\"><span class=\"ez-toc-section\" id=\"conclusione-il-2025-porta-sfide-e-opportunita\"><\/span><strong>Conclusione: il 2025 porta sfide e opportunit\u00e0<\/strong><span class=\"ez-toc-section-end\"><\/span><\/h2>\n\n\n\n<p>Il 2025 si prospetta un anno eterogeneo per gli operatori italiani degli affitti brevi. Con le nuove funzionalit\u00e0 di PriceLabs, \u00e8 ancora pi\u00f9 semplice adattarsi ai cambiamenti del mercato, ottimizzare i prezzi e migliorare la redditivit\u00e0.<\/p>\n","protected":false},"excerpt":{"rendered":"<p>Il mercato degli affitti brevi e delle locazioni turistiche in Italia continua a mostrare segnali interessanti nel 2025. Nel nostro recente webinar, Giovanna Ida Conte (PriceLabs) e Matteo Ceccaroni (Turidea) hanno analizzato i dati pi\u00f9 recenti e presentato le ultime funzionalit\u00e0 di PriceLabs. Ecco i principali punti emersi: Evoluzione del mercato: segnali contrastanti Primavera 2025 [&hellip;]<\/p>\n","protected":false},"author":53,"featured_media":99232,"comment_status":"closed","ping_status":"closed","sticky":false,"template":"","format":"standard","meta":{"_acf_changed":false,"_yoast_wpseo_title":"Estate 2025: Tendenze affitti brevi e novit\u00e0 PriceLabs","_yoast_wpseo_metadesc":"Evoluzione di ADR e occupazione nel 2025 in Italia, con nuove funzionalit\u00e0 PriceLabs per massimizzare i ricavi.","om_disable_all_campaigns":false,"inline_featured_image":false,"_lmt_disableupdate":"","_lmt_disable":"yes","site-sidebar-layout":"default","site-content-layout":"","ast-site-content-layout":"default","site-content-style":"default","site-sidebar-style":"default","ast-global-header-display":"","ast-banner-title-visibility":"","ast-main-header-display":"","ast-hfb-above-header-display":"","ast-hfb-below-header-display":"","ast-hfb-mobile-header-display":"","site-post-title":"","ast-breadcrumbs-content":"","ast-featured-img":"","footer-sml-layout":"","ast-disable-related-posts":"","theme-transparent-header-meta":"","adv-header-id-meta":"","stick-header-meta":"","header-above-stick-meta":"","header-main-stick-meta":"","header-below-stick-meta":"","astra-migrate-meta-layouts":"set","ast-page-background-enabled":"default","ast-page-background-meta":{"desktop":{"background-color":"","background-image":"","background-repeat":"repeat","background-position":"center center","background-size":"auto","background-attachment":"scroll","background-type":"","background-media":"","overlay-type":"","overlay-color":"","overlay-opacity":"","overlay-gradient":""},"tablet":{"background-color":"","background-image":"","background-repeat":"repeat","background-position":"center center","background-size":"auto","background-attachment":"scroll","background-type":"","background-media":"","overlay-type":"","overlay-color":"","overlay-opacity":"","overlay-gradient":""},"mobile":{"background-color":"","background-image":"","background-repeat":"repeat","background-position":"center center","background-size":"auto","background-attachment":"scroll","background-type":"","background-media":"","overlay-type":"","overlay-color":"","overlay-opacity":"","overlay-gradient":""}},"ast-content-background-meta":{"desktop":{"background-color":"var(--ast-global-color-5)","background-image":"","background-repeat":"repeat","background-position":"center center","background-size":"auto","background-attachment":"scroll","background-type":"","background-media":"","overlay-type":"","overlay-color":"","overlay-opacity":"","overlay-gradient":""},"tablet":{"background-color":"var(--ast-global-color-5)","background-image":"","background-repeat":"repeat","background-position":"center center","background-size":"auto","background-attachment":"scroll","background-type":"","background-media":"","overlay-type":"","overlay-color":"","overlay-opacity":"","overlay-gradient":""},"mobile":{"background-color":"var(--ast-global-color-5)","background-image":"","background-repeat":"repeat","background-position":"center center","background-size":"auto","background-attachment":"scroll","background-type":"","background-media":"","overlay-type":"","overlay-color":"","overlay-opacity":"","overlay-gradient":""}},"footnotes":""},"categories":[254],"tags":[],"class_list":["post-99099","post","type-post","status-publish","format-standard","has-post-thumbnail","hentry","category-property-manager"],"acf":[],"yoast_head":"<!-- This site is optimized with the Yoast SEO Premium plugin v22.8 (Yoast SEO v27.2) - https:\/\/yoast.com\/product\/yoast-seo-premium-wordpress\/ -->\n<title>Estate 2025: Tendenze affitti brevi e novit\u00e0 PriceLabs<\/title>\n<meta name=\"description\" content=\"Evoluzione di ADR e occupazione nel 2025 in Italia, con nuove funzionalit\u00e0 PriceLabs per massimizzare i ricavi.\" \/>\n<meta name=\"robots\" content=\"index, follow, max-snippet:-1, max-image-preview:large, max-video-preview:-1\" \/>\n<link rel=\"canonical\" href=\"https:\/\/hello.pricelabs.co\/it\/blog\/tendenze-stagionali-affitti-italia-2025\/\" \/>\n<meta property=\"og:locale\" content=\"it_IT\" \/>\n<meta property=\"og:type\" content=\"article\" \/>\n<meta property=\"og:title\" content=\"Estate 2025: Uno sguardo al mercato italiano degli affitti brevi e alle novit\u00e0 di PriceLabs\" \/>\n<meta property=\"og:description\" content=\"Evoluzione di ADR e occupazione nel 2025 in Italia, con nuove funzionalit\u00e0 PriceLabs per massimizzare i ricavi.\" \/>\n<meta property=\"og:url\" content=\"https:\/\/hello.pricelabs.co\/it\/blog\/tendenze-stagionali-affitti-italia-2025\/\" \/>\n<meta property=\"og:site_name\" content=\"PriceLabs\" \/>\n<meta property=\"article:publisher\" content=\"https:\/\/www.facebook.com\/PriceLabs1\/\" \/>\n<meta property=\"article:published_time\" content=\"2025-07-11T08:35:58+00:00\" \/>\n<meta property=\"article:modified_time\" content=\"2025-07-14T14:47:40+00:00\" \/>\n<meta property=\"og:image\" content=\"https:\/\/hello.pricelabs.co\/wp-content\/uploads\/2025\/07\/market-trends-and-PriceLabs-news.webp\" \/>\n\t<meta property=\"og:image:width\" content=\"2107\" \/>\n\t<meta property=\"og:image:height\" content=\"1119\" \/>\n\t<meta property=\"og:image:type\" content=\"image\/webp\" \/>\n<meta name=\"author\" content=\"Mridul Bansal\" \/>\n<meta name=\"twitter:card\" content=\"summary_large_image\" \/>\n<meta name=\"twitter:creator\" content=\"@Price_Labs\" \/>\n<meta name=\"twitter:site\" content=\"@Price_Labs\" \/>\n<meta name=\"twitter:label1\" content=\"Scritto da\" \/>\n\t<meta name=\"twitter:data1\" content=\"Mridul Bansal\" \/>\n\t<meta name=\"twitter:label2\" content=\"Tempo di lettura stimato\" \/>\n\t<meta name=\"twitter:data2\" content=\"4 minuti\" \/>\n<script type=\"application\/ld+json\" class=\"yoast-schema-graph\">{\"@context\":\"https:\/\/schema.org\",\"@graph\":[{\"@type\":\"Article\",\"@id\":\"https:\/\/hello.pricelabs.co\/it\/blog\/tendenze-stagionali-affitti-italia-2025\/#article\",\"isPartOf\":{\"@id\":\"https:\/\/hello.pricelabs.co\/it\/blog\/tendenze-stagionali-affitti-italia-2025\/\"},\"author\":{\"name\":\"Mridul Bansal\",\"@id\":\"https:\/\/hello.pricelabs.co\/it\/#\/schema\/person\/877f89b919edfe41f502863a9481b285\"},\"headline\":\"Estate 2025: Uno sguardo al mercato italiano degli affitti brevi e alle novit\u00e0 di PriceLabs\",\"datePublished\":\"2025-07-11T08:35:58+00:00\",\"dateModified\":\"2025-07-14T14:47:40+00:00\",\"mainEntityOfPage\":{\"@id\":\"https:\/\/hello.pricelabs.co\/it\/blog\/tendenze-stagionali-affitti-italia-2025\/\"},\"wordCount\":523,\"publisher\":{\"@id\":\"https:\/\/hello.pricelabs.co\/it\/#organization\"},\"image\":{\"@id\":\"https:\/\/hello.pricelabs.co\/it\/blog\/tendenze-stagionali-affitti-italia-2025\/#primaryimage\"},\"thumbnailUrl\":\"https:\/\/hello.pricelabs.co\/wp-content\/uploads\/2025\/07\/market-trends-and-PriceLabs-news.webp\",\"articleSection\":[\"Property Manager\"],\"inLanguage\":\"it-IT\"},{\"@type\":\"WebPage\",\"@id\":\"https:\/\/hello.pricelabs.co\/it\/blog\/tendenze-stagionali-affitti-italia-2025\/\",\"url\":\"https:\/\/hello.pricelabs.co\/it\/blog\/tendenze-stagionali-affitti-italia-2025\/\",\"name\":\"Estate 2025: Tendenze affitti brevi e novit\u00e0 PriceLabs\",\"isPartOf\":{\"@id\":\"https:\/\/hello.pricelabs.co\/it\/#website\"},\"primaryImageOfPage\":{\"@id\":\"https:\/\/hello.pricelabs.co\/it\/blog\/tendenze-stagionali-affitti-italia-2025\/#primaryimage\"},\"image\":{\"@id\":\"https:\/\/hello.pricelabs.co\/it\/blog\/tendenze-stagionali-affitti-italia-2025\/#primaryimage\"},\"thumbnailUrl\":\"https:\/\/hello.pricelabs.co\/wp-content\/uploads\/2025\/07\/market-trends-and-PriceLabs-news.webp\",\"datePublished\":\"2025-07-11T08:35:58+00:00\",\"dateModified\":\"2025-07-14T14:47:40+00:00\",\"description\":\"Evoluzione di ADR e occupazione nel 2025 in Italia, con nuove funzionalit\u00e0 PriceLabs per massimizzare i ricavi.\",\"breadcrumb\":{\"@id\":\"https:\/\/hello.pricelabs.co\/it\/blog\/tendenze-stagionali-affitti-italia-2025\/#breadcrumb\"},\"inLanguage\":\"it-IT\",\"potentialAction\":[{\"@type\":\"ReadAction\",\"target\":[\"https:\/\/hello.pricelabs.co\/it\/blog\/tendenze-stagionali-affitti-italia-2025\/\"]}]},{\"@type\":\"ImageObject\",\"inLanguage\":\"it-IT\",\"@id\":\"https:\/\/hello.pricelabs.co\/it\/blog\/tendenze-stagionali-affitti-italia-2025\/#primaryimage\",\"url\":\"https:\/\/hello.pricelabs.co\/wp-content\/uploads\/2025\/07\/market-trends-and-PriceLabs-news.webp\",\"contentUrl\":\"https:\/\/hello.pricelabs.co\/wp-content\/uploads\/2025\/07\/market-trends-and-PriceLabs-news.webp\",\"width\":2107,\"height\":1119,\"caption\":\"Market Trends PriceLabs\"},{\"@type\":\"BreadcrumbList\",\"@id\":\"https:\/\/hello.pricelabs.co\/it\/blog\/tendenze-stagionali-affitti-italia-2025\/#breadcrumb\",\"itemListElement\":[{\"@type\":\"ListItem\",\"position\":1,\"name\":\"Home\",\"item\":\"https:\/\/hello.pricelabs.co\/it\/\"},{\"@type\":\"ListItem\",\"position\":2,\"name\":\"Estate 2025: Uno sguardo al mercato italiano degli affitti brevi e alle novit\u00e0 di PriceLabs\"}]},{\"@type\":\"WebSite\",\"@id\":\"https:\/\/hello.pricelabs.co\/it\/#website\",\"url\":\"https:\/\/hello.pricelabs.co\/it\/\",\"name\":\"PriceLabs\",\"description\":\"\",\"publisher\":{\"@id\":\"https:\/\/hello.pricelabs.co\/it\/#organization\"},\"potentialAction\":[{\"@type\":\"SearchAction\",\"target\":{\"@type\":\"EntryPoint\",\"urlTemplate\":\"https:\/\/hello.pricelabs.co\/it\/?s={search_term_string}\"},\"query-input\":{\"@type\":\"PropertyValueSpecification\",\"valueRequired\":true,\"valueName\":\"search_term_string\"}}],\"inLanguage\":\"it-IT\"},{\"@type\":\"Organization\",\"@id\":\"https:\/\/hello.pricelabs.co\/it\/#organization\",\"name\":\"Pricelabs\",\"url\":\"https:\/\/hello.pricelabs.co\/it\/\",\"logo\":{\"@type\":\"ImageObject\",\"inLanguage\":\"it-IT\",\"@id\":\"https:\/\/hello.pricelabs.co\/it\/#\/schema\/logo\/image\/\",\"url\":\"https:\/\/hello.pricelabs.co\/wp-content\/uploads\/2023\/09\/cropped-Pricelabs-Logo-element.png\",\"contentUrl\":\"https:\/\/hello.pricelabs.co\/wp-content\/uploads\/2023\/09\/cropped-Pricelabs-Logo-element.png\",\"width\":512,\"height\":512,\"caption\":\"Pricelabs\"},\"image\":{\"@id\":\"https:\/\/hello.pricelabs.co\/it\/#\/schema\/logo\/image\/\"},\"sameAs\":[\"https:\/\/www.facebook.com\/PriceLabs1\/\",\"https:\/\/x.com\/Price_Labs\",\"https:\/\/www.linkedin.com\/company\/pricelabs\/\"]},{\"@type\":\"Person\",\"@id\":\"https:\/\/hello.pricelabs.co\/it\/#\/schema\/person\/877f89b919edfe41f502863a9481b285\",\"name\":\"Mridul Bansal\",\"image\":{\"@type\":\"ImageObject\",\"inLanguage\":\"it-IT\",\"@id\":\"https:\/\/secure.gravatar.com\/avatar\/c3ad6c06f7e1c8977750da3a0391a4639196289c6771556164a14910cbacf0be?s=96&d=mm&r=g\",\"url\":\"https:\/\/secure.gravatar.com\/avatar\/c3ad6c06f7e1c8977750da3a0391a4639196289c6771556164a14910cbacf0be?s=96&d=mm&r=g\",\"contentUrl\":\"https:\/\/secure.gravatar.com\/avatar\/c3ad6c06f7e1c8977750da3a0391a4639196289c6771556164a14910cbacf0be?s=96&d=mm&r=g\",\"caption\":\"Mridul Bansal\"},\"description\":\"Mridul is a Product Marketing Manager at PriceLabs who crafts customer stories, and loves to help hosts and property managers optimize revenue by combining human expertise and best-in-class automation.\",\"sameAs\":[\"https:\/\/www.linkedin.com\/in\/bansal-mridul\/\"],\"jobTitle\":\"Product Marketing Manager\",\"url\":\"https:\/\/hello.pricelabs.co\/it\/author\/mridul\/\"}]}<\/script>\n<!-- \/ Yoast SEO Premium plugin. -->","yoast_head_json":{"title":"Estate 2025: Tendenze affitti brevi e novit\u00e0 PriceLabs","description":"Evoluzione di ADR e occupazione nel 2025 in Italia, con nuove funzionalit\u00e0 PriceLabs per massimizzare i ricavi.","robots":{"index":"index","follow":"follow","max-snippet":"max-snippet:-1","max-image-preview":"max-image-preview:large","max-video-preview":"max-video-preview:-1"},"canonical":"https:\/\/hello.pricelabs.co\/it\/blog\/tendenze-stagionali-affitti-italia-2025\/","og_locale":"it_IT","og_type":"article","og_title":"Estate 2025: Uno sguardo al mercato italiano degli affitti brevi e alle novit\u00e0 di PriceLabs","og_description":"Evoluzione di ADR e occupazione nel 2025 in Italia, con nuove funzionalit\u00e0 PriceLabs per massimizzare i ricavi.","og_url":"https:\/\/hello.pricelabs.co\/it\/blog\/tendenze-stagionali-affitti-italia-2025\/","og_site_name":"PriceLabs","article_publisher":"https:\/\/www.facebook.com\/PriceLabs1\/","article_published_time":"2025-07-11T08:35:58+00:00","article_modified_time":"2025-07-14T14:47:40+00:00","og_image":[{"width":2107,"height":1119,"url":"https:\/\/hello.pricelabs.co\/wp-content\/uploads\/2025\/07\/market-trends-and-PriceLabs-news.webp","type":"image\/webp"}],"author":"Mridul Bansal","twitter_card":"summary_large_image","twitter_creator":"@Price_Labs","twitter_site":"@Price_Labs","twitter_misc":{"Scritto da":"Mridul Bansal","Tempo di lettura stimato":"4 minuti"},"schema":{"@context":"https:\/\/schema.org","@graph":[{"@type":"Article","@id":"https:\/\/hello.pricelabs.co\/it\/blog\/tendenze-stagionali-affitti-italia-2025\/#article","isPartOf":{"@id":"https:\/\/hello.pricelabs.co\/it\/blog\/tendenze-stagionali-affitti-italia-2025\/"},"author":{"name":"Mridul Bansal","@id":"https:\/\/hello.pricelabs.co\/it\/#\/schema\/person\/877f89b919edfe41f502863a9481b285"},"headline":"Estate 2025: Uno sguardo al mercato italiano degli affitti brevi e alle novit\u00e0 di PriceLabs","datePublished":"2025-07-11T08:35:58+00:00","dateModified":"2025-07-14T14:47:40+00:00","mainEntityOfPage":{"@id":"https:\/\/hello.pricelabs.co\/it\/blog\/tendenze-stagionali-affitti-italia-2025\/"},"wordCount":523,"publisher":{"@id":"https:\/\/hello.pricelabs.co\/it\/#organization"},"image":{"@id":"https:\/\/hello.pricelabs.co\/it\/blog\/tendenze-stagionali-affitti-italia-2025\/#primaryimage"},"thumbnailUrl":"https:\/\/hello.pricelabs.co\/wp-content\/uploads\/2025\/07\/market-trends-and-PriceLabs-news.webp","articleSection":["Property Manager"],"inLanguage":"it-IT"},{"@type":"WebPage","@id":"https:\/\/hello.pricelabs.co\/it\/blog\/tendenze-stagionali-affitti-italia-2025\/","url":"https:\/\/hello.pricelabs.co\/it\/blog\/tendenze-stagionali-affitti-italia-2025\/","name":"Estate 2025: Tendenze affitti brevi e novit\u00e0 PriceLabs","isPartOf":{"@id":"https:\/\/hello.pricelabs.co\/it\/#website"},"primaryImageOfPage":{"@id":"https:\/\/hello.pricelabs.co\/it\/blog\/tendenze-stagionali-affitti-italia-2025\/#primaryimage"},"image":{"@id":"https:\/\/hello.pricelabs.co\/it\/blog\/tendenze-stagionali-affitti-italia-2025\/#primaryimage"},"thumbnailUrl":"https:\/\/hello.pricelabs.co\/wp-content\/uploads\/2025\/07\/market-trends-and-PriceLabs-news.webp","datePublished":"2025-07-11T08:35:58+00:00","dateModified":"2025-07-14T14:47:40+00:00","description":"Evoluzione di ADR e occupazione nel 2025 in Italia, con nuove funzionalit\u00e0 PriceLabs per massimizzare i ricavi.","breadcrumb":{"@id":"https:\/\/hello.pricelabs.co\/it\/blog\/tendenze-stagionali-affitti-italia-2025\/#breadcrumb"},"inLanguage":"it-IT","potentialAction":[{"@type":"ReadAction","target":["https:\/\/hello.pricelabs.co\/it\/blog\/tendenze-stagionali-affitti-italia-2025\/"]}]},{"@type":"ImageObject","inLanguage":"it-IT","@id":"https:\/\/hello.pricelabs.co\/it\/blog\/tendenze-stagionali-affitti-italia-2025\/#primaryimage","url":"https:\/\/hello.pricelabs.co\/wp-content\/uploads\/2025\/07\/market-trends-and-PriceLabs-news.webp","contentUrl":"https:\/\/hello.pricelabs.co\/wp-content\/uploads\/2025\/07\/market-trends-and-PriceLabs-news.webp","width":2107,"height":1119,"caption":"Market Trends PriceLabs"},{"@type":"BreadcrumbList","@id":"https:\/\/hello.pricelabs.co\/it\/blog\/tendenze-stagionali-affitti-italia-2025\/#breadcrumb","itemListElement":[{"@type":"ListItem","position":1,"name":"Home","item":"https:\/\/hello.pricelabs.co\/it\/"},{"@type":"ListItem","position":2,"name":"Estate 2025: Uno sguardo al mercato italiano degli affitti brevi e alle novit\u00e0 di PriceLabs"}]},{"@type":"WebSite","@id":"https:\/\/hello.pricelabs.co\/it\/#website","url":"https:\/\/hello.pricelabs.co\/it\/","name":"PriceLabs","description":"","publisher":{"@id":"https:\/\/hello.pricelabs.co\/it\/#organization"},"potentialAction":[{"@type":"SearchAction","target":{"@type":"EntryPoint","urlTemplate":"https:\/\/hello.pricelabs.co\/it\/?s={search_term_string}"},"query-input":{"@type":"PropertyValueSpecification","valueRequired":true,"valueName":"search_term_string"}}],"inLanguage":"it-IT"},{"@type":"Organization","@id":"https:\/\/hello.pricelabs.co\/it\/#organization","name":"Pricelabs","url":"https:\/\/hello.pricelabs.co\/it\/","logo":{"@type":"ImageObject","inLanguage":"it-IT","@id":"https:\/\/hello.pricelabs.co\/it\/#\/schema\/logo\/image\/","url":"https:\/\/hello.pricelabs.co\/wp-content\/uploads\/2023\/09\/cropped-Pricelabs-Logo-element.png","contentUrl":"https:\/\/hello.pricelabs.co\/wp-content\/uploads\/2023\/09\/cropped-Pricelabs-Logo-element.png","width":512,"height":512,"caption":"Pricelabs"},"image":{"@id":"https:\/\/hello.pricelabs.co\/it\/#\/schema\/logo\/image\/"},"sameAs":["https:\/\/www.facebook.com\/PriceLabs1\/","https:\/\/x.com\/Price_Labs","https:\/\/www.linkedin.com\/company\/pricelabs\/"]},{"@type":"Person","@id":"https:\/\/hello.pricelabs.co\/it\/#\/schema\/person\/877f89b919edfe41f502863a9481b285","name":"Mridul Bansal","image":{"@type":"ImageObject","inLanguage":"it-IT","@id":"https:\/\/secure.gravatar.com\/avatar\/c3ad6c06f7e1c8977750da3a0391a4639196289c6771556164a14910cbacf0be?s=96&d=mm&r=g","url":"https:\/\/secure.gravatar.com\/avatar\/c3ad6c06f7e1c8977750da3a0391a4639196289c6771556164a14910cbacf0be?s=96&d=mm&r=g","contentUrl":"https:\/\/secure.gravatar.com\/avatar\/c3ad6c06f7e1c8977750da3a0391a4639196289c6771556164a14910cbacf0be?s=96&d=mm&r=g","caption":"Mridul Bansal"},"description":"Mridul is a Product Marketing Manager at PriceLabs who crafts customer stories, and loves to help hosts and property managers optimize revenue by combining human expertise and best-in-class automation.","sameAs":["https:\/\/www.linkedin.com\/in\/bansal-mridul\/"],"jobTitle":"Product Marketing Manager","url":"https:\/\/hello.pricelabs.co\/it\/author\/mridul\/"}]}},"modified_by":"Mridul Bansal","amp_enabled":true,"_links":{"self":[{"href":"https:\/\/hello.pricelabs.co\/it\/wp-json\/wp\/v2\/posts\/99099","targetHints":{"allow":["GET"]}}],"collection":[{"href":"https:\/\/hello.pricelabs.co\/it\/wp-json\/wp\/v2\/posts"}],"about":[{"href":"https:\/\/hello.pricelabs.co\/it\/wp-json\/wp\/v2\/types\/post"}],"author":[{"embeddable":true,"href":"https:\/\/hello.pricelabs.co\/it\/wp-json\/wp\/v2\/users\/53"}],"replies":[{"embeddable":true,"href":"https:\/\/hello.pricelabs.co\/it\/wp-json\/wp\/v2\/comments?post=99099"}],"version-history":[{"count":0,"href":"https:\/\/hello.pricelabs.co\/it\/wp-json\/wp\/v2\/posts\/99099\/revisions"}],"wp:featuredmedia":[{"embeddable":true,"href":"https:\/\/hello.pricelabs.co\/it\/wp-json\/wp\/v2\/media\/99232"}],"wp:attachment":[{"href":"https:\/\/hello.pricelabs.co\/it\/wp-json\/wp\/v2\/media?parent=99099"}],"wp:term":[{"taxonomy":"category","embeddable":true,"href":"https:\/\/hello.pricelabs.co\/it\/wp-json\/wp\/v2\/categories?post=99099"},{"taxonomy":"post_tag","embeddable":true,"href":"https:\/\/hello.pricelabs.co\/it\/wp-json\/wp\/v2\/tags?post=99099"}],"curies":[{"name":"wp","href":"https:\/\/api.w.org\/{rel}","templated":true}]}}