{"id":32106,"date":"2024-04-10T08:12:05","date_gmt":"2024-04-10T08:12:05","guid":{"rendered":"https:\/\/hello.pricelabs.co\/?p=32106"},"modified":"2026-03-13T11:05:17","modified_gmt":"2026-03-13T11:05:17","slug":"guia-de-aluguel-de-curto-prazo","status":"publish","type":"post","link":"https:\/\/hello.pricelabs.co\/pt-br\/blog\/guia-de-aluguel-de-curto-prazo\/","title":{"rendered":"Guia para iniciantes para alugar im\u00f3veis de aluguel de curto prazo"},"content":{"rendered":"<div id=\"ez-toc-container\" class=\"ez-toc-v2_0_82_2 counter-flat ez-toc-counter ez-toc-grey ez-toc-container-direction\">\n<div class=\"ez-toc-title-container\">\n<p class=\"ez-toc-title\" style=\"cursor:inherit\">Sum\u00e1rio<\/p>\n<span class=\"ez-toc-title-toggle\"><\/span><\/div>\n<nav><ul class='ez-toc-list ez-toc-list-level-1 ' ><li class='ez-toc-page-1'><a class=\"ez-toc-link ez-toc-heading-1\" href=\"https:\/\/hello.pricelabs.co\/pt-br\/blog\/guia-de-aluguel-de-curto-prazo\/#como-alugar-seus-imoveis-de-aluguel-de-curto-prazo\" data-wpel-link=\"internal\">Como alugar seus im\u00f3veis de aluguel de curto prazo?<\/a><\/li><li class='ez-toc-page-1'><a class=\"ez-toc-link ez-toc-heading-2\" href=\"https:\/\/hello.pricelabs.co\/pt-br\/blog\/guia-de-aluguel-de-curto-prazo\/#dicas-para-maximizar-os-lucros-ao-alugar-por-curto-prazo\" data-wpel-link=\"internal\">Dicas para maximizar os lucros ao alugar por curto prazo<\/a><\/li><li class='ez-toc-page-1'><a class=\"ez-toc-link ez-toc-heading-3\" href=\"https:\/\/hello.pricelabs.co\/pt-br\/blog\/guia-de-aluguel-de-curto-prazo\/#locacao-de-curto-prazo-facilitada-com-pricelabs\" data-wpel-link=\"internal\">Loca\u00e7\u00e3o de curto prazo facilitada com PriceLabs<\/a><\/li><li class='ez-toc-page-1'><a class=\"ez-toc-link ez-toc-heading-4\" href=\"https:\/\/hello.pricelabs.co\/pt-br\/blog\/guia-de-aluguel-de-curto-prazo\/#perguntas-frequentes\" data-wpel-link=\"internal\">Perguntas Frequentes<\/a><\/li><\/ul><\/nav><\/div>\n\n<p>O aluguel para ocupa\u00e7\u00e3o de curto prazo aumentou<a href=\"https:\/\/skift.com\/2023\/06\/28\/short-term-rental-occupancy-is-both-up-and-down-depending-on-the-data\/\" target=\"_blank\" rel=\"noreferrer noopener nofollow external\" data-wpel-link=\"external\"> 12%<\/a> no primeiro trimestre de 2023 em rela\u00e7\u00e3o a 2020.<\/p>\n\n\n\n<p>Al\u00e9m disso, as viagens internacionais est\u00e3o voltando. Atingiu<a href=\"https:\/\/www.unwto.org\/news\/tourism-on-track-for-full-recovery-as-new-data-shows-strong-start-to-2023#:~:text=Overall%2C%20international%20arrivals%20reached%2080,continued%20to%20show%20its%20resilience.\" target=\"_blank\" rel=\"noreferrer noopener nofollow external\" data-wpel-link=\"external\"> 80%<\/a> de sua gl\u00f3ria pr\u00e9-pandemia no 1\u00ba trimestre de 2023, quando 235 milh\u00f5es de turistas pegaram a estrada.<\/p>\n\n\n\n<p>Com um aumento t\u00e3o promissor, seu aluguel de curto prazo pode roubar os holofotes. Mas como voc\u00ea vai execut\u00e1-lo de forma eficaz e maximizar seus lucros de aluguel de curto prazo?<\/p>\n\n\n\n<p>Saiba mais sobre como alugar im\u00f3veis para aluguel de curto prazo neste guia.<\/p>\n\n\n\n<h2 class=\"wp-block-heading\" id=\"h-how-to-rent-your-short-term-rental-properties\"><span class=\"ez-toc-section\" id=\"como-alugar-seus-imoveis-de-aluguel-de-curto-prazo\"><\/span>Como alugar seus im\u00f3veis de aluguel de curto prazo?<span class=\"ez-toc-section-end\"><\/span><\/h2>\n\n\n\n<p>Em maio de 2022, <a href=\"https:\/\/www.wsj.com\/articles\/the-housing-slowdown-is-wreaking-havoc-on-the-short-term-rental-market-11670518837\" target=\"_blank\" rel=\"noreferrer noopener nofollow external\" data-wpel-link=\"external\">88.000<\/a> novos alugu\u00e9is de curto prazo elevaram o total de an\u00fancios a um recorde hist\u00f3rico.<\/p>\n\n\n\n<p>Com o aluguel para o curto prazo em alta, voc\u00ea deve ser preciso ao identificar seu p\u00fablico-alvo para garantir que seu im\u00f3vel atraia os h\u00f3spedes certos, levando a taxas de ocupa\u00e7\u00e3o mais altas.<\/p>\n\n\n\n<h3 class=\"wp-block-heading\" id=\"h-what-s-your-short-term-rental-type\">Qual \u00e9 o seu tipo de aluguel de curto prazo?<\/h3>\n\n\n\n<p>Diferentes tipos de alugu\u00e9is de temporada de curto prazo atendem \u00e0s prefer\u00eancias variadas dos viajantes. Por exemplo:<\/p>\n\n\n\n<ol class=\"wp-block-list\">\n<li>Casas de Fim de Semana<\/li>\n\n\n\n<li>Condom\u00ednios e Apart-hot\u00e9is<\/li>\n\n\n\n<li>Alojamentos de Acomoda\u00e7\u00e3o e Pequeno-almo\u00e7o (BnBs)<\/li>\n\n\n\n<li>Cabanas e Chal\u00e9s<\/li>\n\n\n\n<li><a href=\"https:\/\/hello.pricelabs.co\/pt-br\/dynamic-pricing-para-villas-chales\/\" target=\"_blank\" rel=\"noreferrer noopener\" data-wpel-link=\"internal\">Villas e Chal\u00e9s<\/a><\/li>\n\n\n\n<li>Hot\u00e9is para Estadia Prolongada<\/li>\n\n\n\n<li><a href=\"https:\/\/hello.pricelabs.co\/pt-br\/um-guia-completo-para-gerenciar-parques-de-estacionamento\/\" target=\"_blank\" rel=\"noreferrer noopener\" data-wpel-link=\"internal\">Campings para trailers e motorhomes<\/a><\/li>\n<\/ol>\n\n\n\n<p>Sua primeira decis\u00e3o ao alugar para o curto prazo deve ser definir o seu tipo de aluguel de curto prazo. Isso ajuda a decidir sua estrat\u00e9gia de investimento para um local desejado e preparar v\u00e1rios termos de loca\u00e7\u00e3o com base nas taxas atuais do mercado.<\/p>\n\n\n\n<h3 class=\"wp-block-heading\" id=\"h-who-s-your-target-audience-for-short-term-rentals\">Quem \u00e9 o seu p\u00fablico-alvo para alugu\u00e9is de curta dura\u00e7\u00e3o?<\/h3>\n\n\n\n<p>Seu p\u00fablico-alvo define os viajantes que voc\u00ea pretende atrair ao alugar por curto prazo. Voc\u00ea deve adaptar suas propriedades \u00e0s suas necessidades. Aqui est\u00e3o algumas etapas para identificar seus clientes em potencial:<\/p>\n\n\n\n<ul class=\"wp-block-list\">\n<li>Analise a localiza\u00e7\u00e3o do seu im\u00f3vel e seu apelo para diferentes segmentos de viajantes.<\/li>\n\n\n\n<li>Crie personas de convidados com base em dados demogr\u00e1ficos, interesses, necessidades e feedback.<\/li>\n\n\n\n<li>Estude os tipos de viajantes que seus concorrentes est\u00e3o alugando para curto prazo est\u00e3o atraindo.<\/li>\n\n\n\n<li>Decida como diferenciar seu aluguel de curto prazo para atrair esses tipos.<\/li>\n<\/ul>\n\n\n\n<h3 class=\"wp-block-heading\" id=\"h-how-to-prepare-your-short-term-rental-property\">Como preparar seu im\u00f3vel de aluguel de curto prazo?<\/h3>\n\n\n\n<p>Depois de identificar seu p\u00fablico-alvo, adapte sua propriedade \u00e0s expectativas e necessidades dele. Por exemplo, se voc\u00ea estiver visando trabalhadores remotos, garanta uma conex\u00e3o Wi-Fi confi\u00e1vel, um espa\u00e7o de trabalho confort\u00e1vel e at\u00e9 mesmo uma impressora.<\/p>\n\n\n\n<p>Al\u00e9m disso, oferecer lavanderia, uma cozinha bem equipada e m\u00f3veis confort\u00e1veis para visitas mais prolongadas pode ser uma grande vantagem. Al\u00e9m disso, a proximidade com o transporte p\u00fablico, a disponibilidade de estacionamento ou o acesso ao aluguel de bicicletas podem ser fatores importantes.<\/p>\n\n\n\n<p>Voc\u00ea tamb\u00e9m deve ajustar suas ofertas de propriedade com base no feedback dos h\u00f3spedes e outras tend\u00eancias dos viajantes ao alugar por curto prazo.<\/p>\n\n\n\n<p><strong><em>Rel\u00f3gio:<\/em><\/strong><\/p>\n\n\n\n<p><a href=\"https:\/\/www.youtube.com\/watch?v=95vTa5xZXrI\" target=\"_blank\" rel=\"noreferrer noopener external\" data-wpel-link=\"external\"><\/a><a href=\"https:\/\/www.youtube.com\/watch?v=95vTa5xZXrI\" data-wpel-link=\"external\" target=\"_blank\" rel=\"external noopener noreferrer\">\u00cdndice STR da PriceLabs: pesquisa de mercado gratuita de aluguel de curto prazo para qualquer pa\u00eds<\/a><\/p>\n\n\n\n<h2 class=\"wp-block-heading\" id=\"h-tips-to-maximize-profits-when-renting-for-short-term\"><span class=\"ez-toc-section\" id=\"dicas-para-maximizar-os-lucros-ao-alugar-por-curto-prazo\"><\/span>Dicas para maximizar os lucros ao alugar por curto prazo<span class=\"ez-toc-section-end\"><\/span><\/h2>\n\n\n\n<figure class=\"wp-block-image aligncenter size-large\"><img fetchpriority=\"high\" decoding=\"async\" width=\"1024\" height=\"602\" src=\"https:\/\/hello.pricelabs.co\/wp-content\/uploads\/2023\/10\/Tips-to-Maximize-Profits-When-Renting-for-Short-Term-1-1024x602.png\" alt=\"Dicas para maximizar o lucro ao alugar por curto prazo\" class=\"wp-image-24325\" srcset=\"https:\/\/hello.pricelabs.co\/wp-content\/uploads\/2023\/10\/Tips-to-Maximize-Profits-When-Renting-for-Short-Term-1-1024x602.png 1024w, https:\/\/hello.pricelabs.co\/wp-content\/uploads\/2023\/10\/Tips-to-Maximize-Profits-When-Renting-for-Short-Term-1-300x176.png 300w, https:\/\/hello.pricelabs.co\/wp-content\/uploads\/2023\/10\/Tips-to-Maximize-Profits-When-Renting-for-Short-Term-1-768x452.png 768w, https:\/\/hello.pricelabs.co\/wp-content\/uploads\/2023\/10\/Tips-to-Maximize-Profits-When-Renting-for-Short-Term-1.png 1274w\" sizes=\"(max-width: 1024px) 100vw, 1024px\" \/><figcaption class=\"wp-element-caption\"><strong>Dicas para maximizar o lucro ao alugar por curto prazo<\/strong><\/figcaption><\/figure>\n\n\n\n<p>O aluguel por curto prazo existe muito antes da internet. Mas a acelera\u00e7\u00e3o digital vem transformando as coisas!  <\/p>\n\n\n\n<p>Voc\u00ea pode gerenciar aspectos cruciais do aluguel para curto prazo, desde a listagem at\u00e9 o pre\u00e7o, na ponta dos dedos. <\/p>\n\n\n\n<p><strong><em>Por exemplo, habilitamos a inscri\u00e7\u00e3o m\u00f3vel para configurar sua conta. Rel\u00f3gio:<\/em><\/strong><\/p>\n\n\n\n<p><a href=\"https:\/\/www.youtube.com\/watch?v=q5NoqIVpD0A\" target=\"_blank\" rel=\"noreferrer noopener external\" data-wpel-link=\"external\"><\/a><a href=\"https:\/\/www.youtube.com\/watch?v=q5NoqIVpD0A\" data-wpel-link=\"external\" target=\"_blank\" rel=\"external noopener noreferrer\">Configurando sua conta PriceLabs no celular<\/a><\/p>\n\n\n\n<p>Seja marketing, reserva ou gerenciamento de seu aluguel de temporada, aqui est\u00e3o algumas dicas para gerenciar sua propriedade e aumentar os lucros.<\/p>\n\n\n\n<h3 class=\"wp-block-heading\" id=\"h-1-cleaning-and-maintenance\">1. Limpeza e Manuten\u00e7\u00e3o<\/h3>\n\n\n\n<p>Manter seu espa\u00e7o limpo e seguro para os h\u00f3spedes \u00e9 uma prioridade. Aqui est\u00e3o algumas etapas cr\u00edticas a serem tomadas:<\/p>\n\n\n\n<ul class=\"wp-block-list\">\n<li>Pense em contratar servi\u00e7os profissionais de limpeza. Eles podem dar \u00e0 sua propriedade uma reforma arrumada por uma taxa de limpeza menor.<\/li>\n\n\n\n<li>Lembre-se sempre de fazer verifica\u00e7\u00f5es de manuten\u00e7\u00e3o de rotina. Resolva quaisquer problemas prontamente para manter seu lugar em boa forma.<\/li>\n\n\n\n<li>Seguran\u00e7a em primeiro lugar! Certifique-se de ter itens essenciais, como detectores de fuma\u00e7a e extintores de inc\u00eandio.<\/li>\n\n\n\n<li>Verifique se todos os aparelhos est\u00e3o em condi\u00e7\u00f5es de funcionamento. Uma estadia livre de problemas \u00e9 uma estadia feliz para os seus h\u00f3spedes.<\/li>\n<\/ul>\n\n\n\n<h3 class=\"wp-block-heading\" id=\"h-2-property-listing-and-marketing\">2. Listagem e Marketing de Im\u00f3veis<\/h3>\n\n\n\n<p>Apenas <a href=\"https:\/\/seetransparent.com\/en\/short-term-rental-data-story-Q1-2023\/\" target=\"_blank\" rel=\"noreferrer noopener nofollow external\" data-wpel-link=\"external\">22%<\/a> dos alugu\u00e9is de temporada est\u00e3o listados em OTAs (ag\u00eancias de viagens online), enquanto pesquisas sugerem alta demanda e oferta limitada.\nComo resultado, voc\u00ea pode desfrutar de altas taxas de ocupa\u00e7\u00e3o e aumento da receita por reserva. <\/p>\n\n\n\n<p>Abster-se de segurar <a href=\"https:\/\/hello.pricelabs.co\/pt-br\/estrategias-marketing-aluguel-temporada-economicas\/\" target=\"_blank\" rel=\"noreferrer noopener\" data-wpel-link=\"internal\">os esfor\u00e7os de marketing<\/a> ao alugar por curto prazo. Invista em fotografia de alta qualidade. Escreva descri\u00e7\u00f5es de propriedades atraentes usando palavras-chave bem pesquisadas.\nEsses elementos visuais e textuais s\u00e3o a primeira impress\u00e3o da sua propriedade. <\/p>\n\n\n\n<p><strong><em>Rel\u00f3gio:<\/em><\/strong><\/p>\n\n\n\n<p><a href=\"https:\/\/www.youtube.com\/watch?v=bPGGvnW5CZY\" target=\"_blank\" rel=\"noreferrer noopener nofollow external\" data-wpel-link=\"external\">Simplificando seu marketing de aluguel de curto prazo<\/a><\/p>\n\n\n\n<p>Certifique-se de que sua propriedade esteja listada nas principais<a href=\"https:\/\/hello.pricelabs.co\/pt-br\/melhor-channel-manager-aluguel-temporada\/\" target=\"_blank\" rel=\"noreferrer noopener\" data-wpel-link=\"internal\"> ag\u00eancias de viagens on-line<\/a> para um potencial de renda consistente.<a href=\"https:\/\/hello.pricelabs.co\/pt-br\/\" data-wpel-link=\"internal\"> <\/a><\/p>\n\n\n\n<p><strong><em>Dica de b\u00f4nus: <\/em><\/strong> a ferramenta <a href=\"https:\/\/hello.pricelabs.co\/pt-br\/gerador-de-descricao-para-airbnb\/?utm_source=newsletter&amp;utm_medium=social&amp;utm_campaign=edition5\" target=\"_blank\" rel=\"noreferrer noopener\" data-wpel-link=\"internal\"><em> STRings<\/em><\/a> <em>da PriceLabs<\/em><em> pode ajud\u00e1-lo a criar t\u00edtulos e descri\u00e7\u00f5es para suas listagens de aluguel de curto prazo.<\/em><\/p>\n\n\n\n<figure class=\"wp-block-image aligncenter is-resized\"><img decoding=\"async\" src=\"https:\/\/lh4.googleusercontent.com\/S7zMq5VizTaicEHnZ8otunMoP0h4nkcCT4QB6-84rBjqdDPISPeas9CSkpE6kMPaGmqWEhoy8jwcdzPSf8-QM4bz9IFOwxdzrkXz2ILVWyGVJDVCb2kffpOv_gZ57uwtQFw9__axGq0ZQNtz3PvnrQE\" alt=\"Arrendamento de curta dura\u00e7\u00e3o\" style=\"width:670px;height:568px\"\/><figcaption class=\"wp-element-caption\"><strong>PriceLabs Strings<\/strong><\/figcaption><\/figure>\n\n\n\n<h3 class=\"wp-block-heading\" id=\"h-3-guest-screening-and-communication\">3. Triagem e Comunica\u00e7\u00e3o de Convidados<\/h3>\n\n\n\n<p>Ao lidar com consultas de reserva e reservas, responda prontamente aos h\u00f3spedes em potencial, respondendo \u00e0s suas perguntas <a href=\"https:\/\/hello.pricelabs.co\/pt-br\/eduque-proprietarios-sobre-dynamic-pricing\/\" target=\"_blank\" rel=\"noreferrer noopener\" data-wpel-link=\"internal\">preocupa\u00e7\u00f5es<\/a>. Uma comunica\u00e7\u00e3o clara e concisa gera confian\u00e7a.<\/p>\n\n\n\n<p>Certifique-se de que sua propriedade esteja impec\u00e1vel, bem conservada e pronta para receber os h\u00f3spedes. Forne\u00e7a instru\u00e7\u00f5es detalhadas de chegada. Uma mensagem de boas-vindas calorosa e informativa d\u00e1 o tom para uma experi\u00eancia positiva do h\u00f3spede.<\/p>\n\n\n\n<p><strong><em>Assista Bill Faeth, da <\/em><\/strong><a href=\"https:\/\/buildstrwealth.com\" target=\"_blank\" rel=\"noreferrer noopener nofollow external\" data-wpel-link=\"external\"><strong><em>Build STR Wealth<\/em><\/strong><\/a><strong><em> , falar sobre como se comunicar com seus convidados:<\/em><\/strong><\/p>\n\n\n\n<figure class=\"wp-block-embed is-type-video is-provider-youtube wp-block-embed-youtube wp-embed-aspect-16-9 wp-has-aspect-ratio\"><div class=\"wp-block-embed__wrapper\">\n<iframe title=\"What to Say and When to Say It - Communicating with Airbnb Guests\" width=\"500\" height=\"281\" src=\"https:\/\/www.youtube.com\/embed\/eW5PvKELtYw?feature=oembed\" frameborder=\"0\" allow=\"accelerometer; autoplay; clipboard-write; encrypted-media; gyroscope; picture-in-picture; web-share\" referrerpolicy=\"strict-origin-when-cross-origin\" allowfullscreen><\/iframe>\n<\/div><\/figure>\n\n\n\n<h3 class=\"wp-block-heading\" id=\"h-4-pricing-strategies\">4. Estrat\u00e9gias de Pre\u00e7os<\/h3>\n\n\n\n<p>Acertar seu <a href=\"https:\/\/hello.pricelabs.co\/pt-br\/as-vantagens-dos-precos-baseados-no-mercado-para-alugueis-de-temporada\/\" target=\"_blank\" rel=\"noreferrer noopener\" data-wpel-link=\"internal\">pre\u00e7o<\/a> \u00e9 fundamental quando voc\u00ea est\u00e1 alugando propriedades de aluguel de curto prazo.<\/p>\n\n\n\n<p>Comece definindo o pre\u00e7o m\u00ednimo (sua tarifa de reserva mais baixa), o pre\u00e7o base (sua tarifa m\u00e9dia durante todo o ano) e o pre\u00e7o m\u00e1ximo (sua tarifa mais alta dispon\u00edvel para uma estadia). <\/p>\n\n\n\n<p><strong><em>Consulte nosso instant\u00e2neo do produto abaixo:<\/em><\/strong><\/p>\n\n\n\n<figure class=\"wp-block-image aligncenter is-resized\"><img decoding=\"async\" src=\"https:\/\/lh5.googleusercontent.com\/YDTUMSzwNT4T09uz9bp5cBGJchdQnVFNywcVCWzbSLZl5vUbn_G9eS5w_9-9P6nrFMFZYf0wy7GDyjVB-FtIJsOOsafoZcINJapgklMLk1ihHLb3NCBH_xWNrv3zdAP2Z-l-h97ADNp109pfyt4p6hU\" alt=\"Definir pre\u00e7o base para aluguel de curto prazo\" style=\"width:540px;height:375px\"\/><figcaption class=\"wp-element-caption\"><strong>Configura\u00e7\u00f5es de pre\u00e7o base<\/strong><\/figcaption><\/figure>\n\n\n\n<p>Durante<a href=\"https:\/\/hello.pricelabs.co\/pt-br\/precos-sazonais-no-airbnb-para-alta-e-baixa-temporada\/\" target=\"_blank\" rel=\"noreferrer noopener\" data-wpel-link=\"internal\"> a alta temporada<\/a>, voc\u00ea pode usar <a href=\"https:\/\/hello.pricelabs.co\/pt-br\/dynamic-pricing\/\" target=\"_blank\" rel=\"noreferrer noopener\" data-wpel-link=\"internal\">Dynamic Pricing<\/a>:<\/p>\n\n\n\n<ul class=\"wp-block-list\">\n<li>Ajustar tarifas com base em temporadas ou eventos<\/li>\n\n\n\n<li>Defina<a href=\"https:\/\/hello.pricelabs.co\/pt-br\/um-guia-para-maximizar-a-receita-com-descontos-de-ultima-hora\/\" target=\"_blank\" rel=\"noreferrer noopener\" data-wpel-link=\"internal\"> pre\u00e7os personalizados<\/a> e regras de estadia m\u00ednima para diferentes temporadas<\/li>\n\n\n\n<li>Utilize substitui\u00e7\u00f5es espec\u00edficas de data para ajustar os pre\u00e7os e os requisitos m\u00ednimos de estadia<\/li>\n\n\n\n<li>Analise seus padr\u00f5es de reserva e estude <a href=\"https:\/\/hello.pricelabs.co\/pt-br\/as-vantagens-dos-precos-baseados-no-mercado-para-alugueis-de-temporada\/\" target=\"_blank\" rel=\"noreferrer noopener\" data-wpel-link=\"internal\">insights de mercado<\/a><\/li>\n<\/ul>\n\n\n\n<figure class=\"wp-block-image aligncenter is-resized\"><img decoding=\"async\" src=\"https:\/\/lh3.googleusercontent.com\/1T3O3STQ4ChGzEPOQ5ro1-Nz7iXlk5IDis9ktGGfx-eMUMUYMzl6LeZxo53EMwrKGHEdJXFtAvX3LYrAWb6mDnoK93ajOckx2Vnzw072jxlHuc18KjjfxdlKbcPvEJVdWzT0AWsPC5LySFmtHbfE2oU\" alt=\"PriceLabs Calend\u00e1rio de pre\u00e7os\" style=\"width:744px;height:409px\"\/><figcaption class=\"wp-element-caption\"><strong>PriceLabs Calend\u00e1rio de pre\u00e7os<\/strong><\/figcaption><\/figure>\n\n\n\n<p><strong><em>Veja como nosso cliente<\/em><\/strong><a href=\"https:\/\/hello.pricelabs.co\/customer-story\/gramado\/\" target=\"_blank\" rel=\"noreferrer noopener external\" data-wpel-link=\"external\"><strong><em> Achei Gramado<\/em><\/strong><\/a>,<strong><em> otimizou suas estrat\u00e9gias de pre\u00e7os e receita:<\/em><\/strong><\/p>\n\n\n\n<figure class=\"wp-block-image aligncenter size-full is-resized\"><img decoding=\"async\" width=\"895\" height=\"328\" src=\"https:\/\/hello.pricelabs.co\/wp-content\/uploads\/2023\/10\/Achei-Gramado-Review.png\" alt=\"Gramado otimizou suas estrat\u00e9gias de precifica\u00e7\u00e3o e receita com a ferramenta de precifica\u00e7\u00e3o din\u00e2mica da PriceLabs\" class=\"wp-image-24265\" style=\"width:671px;height:246px\" srcset=\"https:\/\/hello.pricelabs.co\/wp-content\/uploads\/2023\/10\/Achei-Gramado-Review.png 895w, https:\/\/hello.pricelabs.co\/wp-content\/uploads\/2023\/10\/Achei-Gramado-Review-300x110.png 300w, https:\/\/hello.pricelabs.co\/wp-content\/uploads\/2023\/10\/Achei-Gramado-Review-768x281.png 768w\" sizes=\"(max-width: 895px) 100vw, 895px\" \/><figcaption class=\"wp-element-caption\"><strong>Como Gramado otimizou suas estrat\u00e9gias de precifica\u00e7\u00e3o e receita com a ferramenta dynamic pricing da PriceLabs<\/strong><\/figcaption><\/figure>\n\n\n\n<h3 class=\"wp-block-heading\" id=\"h-5-be-aware-of-legal-considerations-and-regulations\">5. Esteja ciente das considera\u00e7\u00f5es legais e regulamentos<\/h3>\n\n\n\n<p>Manter-se \u00e0 frente com as leis e regulamentos de propriedade \u00e9 essencial. Ent\u00e3o, entre em contato com a cidade e a associa\u00e7\u00e3o de propriet\u00e1rios onde voc\u00ea est\u00e1 alugando por curto prazo. \u00c0 medida que as regulamenta\u00e7\u00f5es para alugu\u00e9is de curto prazo aumentam, as leis locais podem ser um labirinto.<\/p>\n\n\n\n<p>Cidades como <a href=\"https:\/\/www.npr.org\/2022\/12\/28\/1145709106\/nyc-could-lose-10-000-airbnb-listings-because-of-new-short-term-rental-regulatio\" target=\"_blank\" rel=\"noreferrer noopener nofollow external\" data-wpel-link=\"external\">Nova York<\/a>, S\u00e3o Francisco, <a href=\"https:\/\/www.chicagotribune.com\/suburbs\/post-tribune\/ct-ptb-gary-airbnb-regulations-st-0224-20230223-7jliqaf2zbhgnlc2bmukx2t4ym-story.html\" target=\"_blank\" rel=\"noreferrer noopener nofollow external\" data-wpel-link=\"external\">Chicago<\/a> e <a href=\"https:\/\/www.cbsnews.com\/texas\/news\/dallas-airbnb-vrbo-short-term-rentals-restructions\/\" target=\"_blank\" rel=\"noreferrer noopener nofollow external\" data-wpel-link=\"external\">Dallas<\/a> j\u00e1 implementaram novas regras, e muitas outras est\u00e3o seguindo o exemplo. Ent\u00e3o, envolva-se com as autoridades de zoneamento e conecte-se com as lideran\u00e7as locais. Dessa forma, voc\u00ea pode estar do lado certo da lei e gerenciar seu aluguel de curto prazo sem complica\u00e7\u00f5es.<\/p>\n\n\n\n<h3 class=\"wp-block-heading\" id=\"h-6-guest-experience-enhancement\">6. Melhoria da experi\u00eancia do h\u00f3spede<\/h3>\n\n\n\n<p>Adicionar toques pessoais \u00e0s comodidades pode criar uma experi\u00eancia de estadia memor\u00e1vel para os seus convidados. Flores frescas, guloseimas locais e\/ou cobertores confort\u00e1veis podem ajudar muito na cria\u00e7\u00e3o de uma atmosfera acolhedora.<\/p>\n\n\n\n<p>Seja r\u00e1pido e atencioso ao atender \u00e0s solicita\u00e7\u00f5es ou preocupa\u00e7\u00f5es dos h\u00f3spedes, pois \u00e9 a chave para mant\u00ea-los felizes.<\/p>\n\n\n\n<p>Os h\u00f3spedes que se sentem valorizados e bem cuidados s\u00e3o mais propensos a deixar avalia\u00e7\u00f5es positivas. Al\u00e9m disso, \u00e9 mais prov\u00e1vel que eles retornem para estadias futuras.<\/p>\n\n\n\n<h3 class=\"wp-block-heading\" id=\"h-7-optimizing-occupancy-rates\">7. Otimiza\u00e7\u00e3o das Taxas de Ocupa\u00e7\u00e3o<\/h3>\n\n\n\n<p>Personalize as restri\u00e7\u00f5es m\u00ednimas de estadia para o seu p\u00fablico, localiza\u00e7\u00e3o e eventos.<\/p>\n\n\n\n<p>Voc\u00ea pode fazer isso durante a baixa demanda. Mas certifique-se de comunicar isso claramente nas plataformas de reserva. Considere usar o PriceLabs <a href=\"https:\/\/hello.pricelabs.co\/pt-br\/um-guia-simples-para-restricoes-de-estadia-minima\/\" target=\"_blank\" rel=\"noreferrer noopener\" data-wpel-link=\"internal\">Minstay Recommendations Engine<\/a> para sugest\u00f5es baseadas em dados.  <\/p>\n\n\n\n<p><strong><em>Consulte nossos instant\u00e2neos de produtos abaixo:<\/em><\/strong><\/p>\n\n\n\n<figure class=\"wp-block-image aligncenter is-resized\"><img decoding=\"async\" src=\"https:\/\/lh6.googleusercontent.com\/LFRes_gu0jnsrKu7wVE8OOYKpLcBG1KSLNvkqcvYK4-gBw5PNrjUM73JDKElR5wBnh7FPLJQx3e68mfhD76Aqu9Zcv0oEM-GhKQoVURynBEbLb1wg1xBkZJsBBmEpwwciCDsP1GUNKYd7VQAEtrZa_o\" alt=\"PriceLabs Configura\u00e7\u00f5es do MinStay\" style=\"width:540px;height:375px\"\/><figcaption class=\"wp-element-caption\"><strong>PriceLabs Configura\u00e7\u00f5es do MinStay<\/strong><\/figcaption><\/figure>\n\n\n\n<figure class=\"wp-block-image aligncenter is-resized\"><img decoding=\"async\" src=\"https:\/\/lh3.googleusercontent.com\/ojOJQLltqfo9_erP4krhIgsJdBb0vdSMlhQm9HZtdxArP1D1KQKqdOSvPir4Nlzov71B16SjZxttEjtQbwvF4X2iK-gEC8Ol6LHznAWZL603tg6QEiektHhs2pSVLnKlViKoKq4o49H5QPdcKM7Mf98\" alt=\"Recomenda\u00e7\u00f5es de estadia m\u00ednima\" style=\"width:440px;height:446px\"\/><figcaption class=\"wp-element-caption\"><strong>PriceLabs Recomenda\u00e7\u00e3o MinStay<\/strong><\/figcaption><\/figure>\n\n\n\n<figure class=\"wp-block-image aligncenter is-resized\"><img decoding=\"async\" src=\"https:\/\/lh5.googleusercontent.com\/s5wjaveUl86ARz0n-AakYVmf_u5Z5ioapA6FCW1IxTazGrk1ikRZxS6rkzo-RxioSFeFVYA2a6iUZkVnC0vKK8vxh703RL_cO6J49Qa2gtAMwKc7S_IAOuqynq3dUKp98M_zVKlSNWYcpqPK4xB1sTI\" alt=\"Customiza\u00e7\u00f5es de aluguel por curto prazo\" style=\"width:540px;height:375px\"\/><figcaption class=\"wp-element-caption\"><strong>PriceLabs Dynamic Pricing<\/strong><\/figcaption><\/figure>\n\n\n\n<h3 class=\"wp-block-heading\" id=\"h-8-making-a-sustainable-stay\">8. Fazendo uma estadia sustent\u00e1vel<\/h3>\n\n\n\n<p>Em uma pesquisa recente da Booking.com,<a href=\"https:\/\/www.sustainability.booking.com\/industryinsights\/2021-sustainability-report?aid=318615;label=New_English_EN_CH_26638459705-468yFJ0l0zhCifzWRBLPywS640874749624:pl:ta:p1:p2:ac:ap:neg:fi:tidsa-55482331735:lp1003229:li:dec:dm:ag26638459705:cmp393949345;ws=&amp;gclid=Cj0KCQiA45qdBhD-ARIsAOHbVdG7bWd4g7NvFKFuTKirMyf6GehcZK2WeBG2qK_Epq8Rk6RtUKi5zFAaAqmCEALw_wcB\" target=\"_blank\" rel=\"noreferrer noopener external\" data-wpel-link=\"external\"> 81%<\/a> manifestaram interesse em acomoda\u00e7\u00f5es sustent\u00e1veis. Portanto, muitos podem estar dispostos a pagar mais por alugu\u00e9is de curto prazo sustent\u00e1veis.<\/p>\n\n\n\n<p>Considerando isso, voc\u00ea pode integrar recursos ecol\u00f3gicos, como eletrodom\u00e9sticos energeticamente eficientes, chuveiros de baixo fluxo e programas de reciclagem em seu aluguel de curto prazo.<\/p>\n\n\n\n<p><strong><em>Dica b\u00f4nus: <\/em><\/strong><em>comunique seus esfor\u00e7os de sustentabilidade claramente para atrair h\u00f3spedes com consci\u00eancia ecol\u00f3gica.<\/em><\/p>\n\n\n\n<h2 class=\"wp-block-heading\" id=\"h-short-term-renting-made-easy-with-pricelabs\"><span class=\"ez-toc-section\" id=\"locacao-de-curto-prazo-facilitada-com-pricelabs\"><\/span>Loca\u00e7\u00e3o de curto prazo facilitada com PriceLabs<span class=\"ez-toc-section-end\"><\/span><\/h2>\n\n\n\n<p>O mercado de arrendamento de curta dura\u00e7\u00e3o est\u00e1 maduro com potencial. Mas com isso vem a concorr\u00eancia crescente.  <\/p>\n\n\n\n<p>Para se manter \u00e0 frente da curva, use t\u00e9cnicas de otimiza\u00e7\u00e3o de pre\u00e7os para atrair mais clientes, maior renda de aluguel e crescimento do neg\u00f3cio.<\/p>\n\n\n\n<p><em>A ferramenta gest\u00e3o da receita e dynamic pricing PriceLabs para propriet\u00e1rios de aluguel de curto prazo pode ajudar a automatizar seus processos e maximizar os lucros. Aqui est\u00e1 um<\/em> <a href=\"https:\/\/pricelabs.co\/users\/sign_up?utm_source=cta_header&amp;utm_medium=website\" target=\"_blank\" rel=\"noreferrer noopener external\" data-wpel-link=\"external\"><em>Teste gratuito de 30<\/em><\/a> <em>dias para voc\u00ea come\u00e7ar!<\/em><\/p>\n\n\n\n<h2 class=\"wp-block-heading\" id=\"h-faqs\"><span class=\"ez-toc-section\" id=\"perguntas-frequentes\"><\/span>Perguntas Frequentes<span class=\"ez-toc-section-end\"><\/span><\/h2>\n\n\n\n<h3 class=\"wp-block-heading\" id=\"h-how-to-run-a-short-term-rental\">Como executar um aluguel de curto prazo?<\/h3>\n\n\n\n<p>Mantenha-se atualizado sobre os regulamentos locais e liste seu aluguel de curto prazo usando recursos visuais e palavras-chave de qualidade para um marketing eficaz.\nEm seguida, crie confian\u00e7a por meio de uma comunica\u00e7\u00e3o eficiente com os h\u00f3spedes. <a href=\"https:\/\/hello.pricelabs.co\/pt-br\/maximizando-receita-com-dynamic-pricing\/\" target=\"_blank\" rel=\"noreferrer noopener\" data-wpel-link=\"internal\">Maximize a receita<\/a> com <a href=\"https:\/\/hello.pricelabs.co\/pt-br\/precos-alugueis-temporada-dynamic-pricing\/\" target=\"_blank\" rel=\"noreferrer noopener\" data-wpel-link=\"internal\">dynamic pricing para demanda sazonal<\/a> e personaliza\u00e7\u00e3o de restri\u00e7\u00f5es de estadia.\nMelhore a experi\u00eancia do h\u00f3spede com limpeza, seguran\u00e7a e resolu\u00e7\u00e3o imediata de problemas.  <\/p>\n\n\n\n<h3 class=\"wp-block-heading\" id=\"h-what-are-the-benefits-of-being-a-short-term-rental-property-owner\">Quais s\u00e3o os benef\u00edcios de ser propriet\u00e1rio de um im\u00f3vel para aluguel de curto prazo?<\/h3>\n\n\n\n<p>Ser propriet\u00e1rio de um im\u00f3vel de aluguel de curto prazo oferece o potencial de aumento da renda de aluguel, <a href=\"https:\/\/www.youtube.com\/watch?v=DepSz-8z78o\" target=\"_blank\" rel=\"noreferrer noopener nofollow external\" data-wpel-link=\"external\">benef\u00edcios fiscais<\/a>, diversifica\u00e7\u00e3o de propriedades e flexibilidade para usar sua propriedade.<\/p>\n\n\n\n<h3 class=\"wp-block-heading\" id=\"h-what-are-the-challenges-of-being-a-short-term-rental-property-owner\">Quais s\u00e3o os desafios de ser um propriet\u00e1rio de im\u00f3vel de aluguel de curto prazo?<\/h3>\n\n\n\n<p>Os principais desafios de um propriet\u00e1rio de aluguel de curto prazo s\u00e3o gerenciar a alta rotatividade, navegar pelas complexidades legais e regulat\u00f3rias e lidar com as flutua\u00e7\u00f5es sazonais do mercado. No entanto, solu\u00e7\u00f5es tecnol\u00f3gicas como o <a href=\"https:\/\/hello.pricelabs.co\/pt-br\/signup\/\" target=\"_blank\" rel=\"noreferrer noopener\" data-wpel-link=\"internal\">PriceLabs<\/a> e a conscientiza\u00e7\u00e3o sobre as leis e tend\u00eancias atuais sobre alugu\u00e9is de curto prazo podem corrigir esses desafios. <\/p>\n","protected":false},"excerpt":{"rendered":"<p>O aluguel para ocupa\u00e7\u00e3o de curto prazo aumentou 12% no primeiro trimestre de 2023 em rela\u00e7\u00e3o a 2020. Al\u00e9m disso, as viagens internacionais est\u00e3o voltando. Atingiu 80% de sua gl\u00f3ria pr\u00e9-pandemia no 1\u00ba trimestre de 2023, quando 235 milh\u00f5es de turistas pegaram a estrada. Com um aumento t\u00e3o promissor, seu aluguel de curto prazo pode [&hellip;]<\/p>\n","protected":false},"author":31,"featured_media":24429,"comment_status":"closed","ping_status":"closed","sticky":false,"template":"","format":"standard","meta":{"_acf_changed":false,"_yoast_wpseo_title":"Aluguel para Loca\u00e7\u00e3o de Curta Dura\u00e7\u00e3o: Tipos, Dicas, T\u00e1ticas","_yoast_wpseo_metadesc":"Dicas para aluguel de curto prazo: maximize lucros, encontre seu im\u00f3vel ideal e acerte no p\u00fablico-alvo com experts.","om_disable_all_campaigns":false,"inline_featured_image":false,"_lmt_disableupdate":"","_lmt_disable":"","site-sidebar-layout":"default","site-content-layout":"default","ast-site-content-layout":"default","site-content-style":"default","site-sidebar-style":"default","ast-global-header-display":"","ast-banner-title-visibility":"","ast-main-header-display":"","ast-hfb-above-header-display":"","ast-hfb-below-header-display":"","ast-hfb-mobile-header-display":"","site-post-title":"","ast-breadcrumbs-content":"","ast-featured-img":"","footer-sml-layout":"","ast-disable-related-posts":"","theme-transparent-header-meta":"default","adv-header-id-meta":"","stick-header-meta":"","header-above-stick-meta":"","header-main-stick-meta":"","header-below-stick-meta":"","astra-migrate-meta-layouts":"set","ast-page-background-enabled":"default","ast-page-background-meta":{"desktop":{"background-color":"","background-image":"","background-repeat":"repeat","background-position":"center center","background-size":"auto","background-attachment":"scroll","background-type":"","background-media":"","overlay-type":"","overlay-color":"","overlay-opacity":"","overlay-gradient":""},"tablet":{"background-color":"","background-image":"","background-repeat":"repeat","background-position":"center center","background-size":"auto","background-attachment":"scroll","background-type":"","background-media":"","overlay-type":"","overlay-color":"","overlay-opacity":"","overlay-gradient":""},"mobile":{"background-color":"","background-image":"","background-repeat":"repeat","background-position":"center center","background-size":"auto","background-attachment":"scroll","background-type":"","background-media":"","overlay-type":"","overlay-color":"","overlay-opacity":"","overlay-gradient":""}},"ast-content-background-meta":{"desktop":{"background-color":"var(--ast-global-color-5)","background-image":"","background-repeat":"repeat","background-position":"center center","background-size":"auto","background-attachment":"scroll","background-type":"","background-media":"","overlay-type":"","overlay-color":"","overlay-opacity":"","overlay-gradient":""},"tablet":{"background-color":"var(--ast-global-color-5)","background-image":"","background-repeat":"repeat","background-position":"center center","background-size":"auto","background-attachment":"scroll","background-type":"","background-media":"","overlay-type":"","overlay-color":"","overlay-opacity":"","overlay-gradient":""},"mobile":{"background-color":"var(--ast-global-color-5)","background-image":"","background-repeat":"repeat","background-position":"center center","background-size":"auto","background-attachment":"scroll","background-type":"","background-media":"","overlay-type":"","overlay-color":"","overlay-opacity":"","overlay-gradient":""}},"footnotes":""},"categories":[260],"tags":[],"class_list":["post-32106","post","type-post","status-publish","format-standard","has-post-thumbnail","hentry","category-anfitrioes"],"acf":[],"yoast_head":"<!-- This site is optimized with the Yoast SEO Premium plugin v22.8 (Yoast SEO v27.2) - https:\/\/yoast.com\/product\/yoast-seo-premium-wordpress\/ -->\n<title>Aluguel para Loca\u00e7\u00e3o de Curta Dura\u00e7\u00e3o: Tipos, Dicas, T\u00e1ticas<\/title>\n<meta name=\"description\" content=\"Dicas para aluguel de curto prazo: maximize lucros, encontre seu im\u00f3vel ideal e acerte no p\u00fablico-alvo com experts.\" \/>\n<meta name=\"robots\" content=\"index, follow, max-snippet:-1, max-image-preview:large, max-video-preview:-1\" \/>\n<link rel=\"canonical\" href=\"https:\/\/hello.pricelabs.co\/pt-br\/blog\/guia-de-aluguel-de-curto-prazo\/\" \/>\n<meta property=\"og:locale\" content=\"pt_BR\" \/>\n<meta property=\"og:type\" content=\"article\" \/>\n<meta property=\"og:title\" content=\"Guia para iniciantes para alugar im\u00f3veis de aluguel de curto prazo\" \/>\n<meta property=\"og:description\" content=\"Dicas para aluguel de curto prazo: maximize lucros, encontre seu im\u00f3vel ideal e acerte no p\u00fablico-alvo com experts.\" \/>\n<meta property=\"og:url\" content=\"https:\/\/hello.pricelabs.co\/pt-br\/blog\/guia-de-aluguel-de-curto-prazo\/\" \/>\n<meta property=\"og:site_name\" content=\"PriceLabs\" \/>\n<meta property=\"article:publisher\" content=\"https:\/\/www.facebook.com\/PriceLabs1\/\" \/>\n<meta property=\"article:published_time\" content=\"2024-04-10T08:12:05+00:00\" \/>\n<meta property=\"article:modified_time\" content=\"2026-03-13T11:05:17+00:00\" \/>\n<meta property=\"og:image\" content=\"https:\/\/hello.pricelabs.co\/wp-content\/uploads\/2023\/09\/Beginners-Guide-to-Renting-for-Short-term-Rental-Properties.png\" \/>\n\t<meta property=\"og:image:width\" content=\"2735\" \/>\n\t<meta property=\"og:image:height\" content=\"1575\" \/>\n\t<meta property=\"og:image:type\" content=\"image\/png\" \/>\n<meta name=\"author\" content=\"Joana Coelho\" \/>\n<meta name=\"twitter:card\" content=\"summary_large_image\" \/>\n<meta name=\"twitter:creator\" content=\"@DishaParekh\" \/>\n<meta name=\"twitter:site\" content=\"@Price_Labs\" \/>\n<meta name=\"twitter:label1\" content=\"Escrito por\" \/>\n\t<meta name=\"twitter:data1\" content=\"Joana Coelho\" \/>\n\t<meta name=\"twitter:label2\" content=\"Est. tempo de leitura\" \/>\n\t<meta name=\"twitter:data2\" content=\"11 minutos\" \/>\n<script type=\"application\/ld+json\" class=\"yoast-schema-graph\">{\"@context\":\"https:\/\/schema.org\",\"@graph\":[{\"@type\":\"Article\",\"@id\":\"https:\/\/hello.pricelabs.co\/pt-br\/blog\/guia-de-aluguel-de-curto-prazo\/#article\",\"isPartOf\":{\"@id\":\"https:\/\/hello.pricelabs.co\/pt-br\/blog\/guia-de-aluguel-de-curto-prazo\/\"},\"author\":{\"name\":\"Joana Coelho\",\"@id\":\"https:\/\/hello.pricelabs.co\/pt-br\/#\/schema\/person\/781ee6513bdd32d9ef6b5a69cf976e30\"},\"headline\":\"Guia para iniciantes para alugar im\u00f3veis de aluguel de curto prazo\",\"datePublished\":\"2024-04-10T08:12:05+00:00\",\"dateModified\":\"2026-03-13T11:05:17+00:00\",\"mainEntityOfPage\":{\"@id\":\"https:\/\/hello.pricelabs.co\/pt-br\/blog\/guia-de-aluguel-de-curto-prazo\/\"},\"wordCount\":1856,\"publisher\":{\"@id\":\"https:\/\/hello.pricelabs.co\/pt-br\/#organization\"},\"image\":{\"@id\":\"https:\/\/hello.pricelabs.co\/pt-br\/blog\/guia-de-aluguel-de-curto-prazo\/#primaryimage\"},\"thumbnailUrl\":\"https:\/\/hello.pricelabs.co\/wp-content\/uploads\/2023\/09\/Beginners-Guide-to-Renting-for-Short-term-Rental-Properties.png\",\"articleSection\":[\"Anfitri\u00f5es\"],\"inLanguage\":\"pt-BR\"},{\"@type\":\"WebPage\",\"@id\":\"https:\/\/hello.pricelabs.co\/pt-br\/blog\/guia-de-aluguel-de-curto-prazo\/\",\"url\":\"https:\/\/hello.pricelabs.co\/pt-br\/blog\/guia-de-aluguel-de-curto-prazo\/\",\"name\":\"Aluguel para Loca\u00e7\u00e3o de Curta Dura\u00e7\u00e3o: Tipos, Dicas, T\u00e1ticas\",\"isPartOf\":{\"@id\":\"https:\/\/hello.pricelabs.co\/pt-br\/#website\"},\"primaryImageOfPage\":{\"@id\":\"https:\/\/hello.pricelabs.co\/pt-br\/blog\/guia-de-aluguel-de-curto-prazo\/#primaryimage\"},\"image\":{\"@id\":\"https:\/\/hello.pricelabs.co\/pt-br\/blog\/guia-de-aluguel-de-curto-prazo\/#primaryimage\"},\"thumbnailUrl\":\"https:\/\/hello.pricelabs.co\/wp-content\/uploads\/2023\/09\/Beginners-Guide-to-Renting-for-Short-term-Rental-Properties.png\",\"datePublished\":\"2024-04-10T08:12:05+00:00\",\"dateModified\":\"2026-03-13T11:05:17+00:00\",\"description\":\"Dicas para aluguel de curto prazo: maximize lucros, encontre seu im\u00f3vel ideal e acerte no p\u00fablico-alvo com experts.\",\"breadcrumb\":{\"@id\":\"https:\/\/hello.pricelabs.co\/pt-br\/blog\/guia-de-aluguel-de-curto-prazo\/#breadcrumb\"},\"inLanguage\":\"pt-BR\",\"potentialAction\":[{\"@type\":\"ReadAction\",\"target\":[\"https:\/\/hello.pricelabs.co\/pt-br\/blog\/guia-de-aluguel-de-curto-prazo\/\"]}]},{\"@type\":\"ImageObject\",\"inLanguage\":\"pt-BR\",\"@id\":\"https:\/\/hello.pricelabs.co\/pt-br\/blog\/guia-de-aluguel-de-curto-prazo\/#primaryimage\",\"url\":\"https:\/\/hello.pricelabs.co\/wp-content\/uploads\/2023\/09\/Beginners-Guide-to-Renting-for-Short-term-Rental-Properties.png\",\"contentUrl\":\"https:\/\/hello.pricelabs.co\/wp-content\/uploads\/2023\/09\/Beginners-Guide-to-Renting-for-Short-term-Rental-Properties.png\",\"width\":2735,\"height\":1575},{\"@type\":\"BreadcrumbList\",\"@id\":\"https:\/\/hello.pricelabs.co\/pt-br\/blog\/guia-de-aluguel-de-curto-prazo\/#breadcrumb\",\"itemListElement\":[{\"@type\":\"ListItem\",\"position\":1,\"name\":\"Home\",\"item\":\"https:\/\/hello.pricelabs.co\/pt-br\/\"},{\"@type\":\"ListItem\",\"position\":2,\"name\":\"Guia para iniciantes para alugar im\u00f3veis de aluguel de curto prazo\"}]},{\"@type\":\"WebSite\",\"@id\":\"https:\/\/hello.pricelabs.co\/pt-br\/#website\",\"url\":\"https:\/\/hello.pricelabs.co\/pt-br\/\",\"name\":\"PriceLabs\",\"description\":\"\",\"publisher\":{\"@id\":\"https:\/\/hello.pricelabs.co\/pt-br\/#organization\"},\"potentialAction\":[{\"@type\":\"SearchAction\",\"target\":{\"@type\":\"EntryPoint\",\"urlTemplate\":\"https:\/\/hello.pricelabs.co\/pt-br\/?s={search_term_string}\"},\"query-input\":{\"@type\":\"PropertyValueSpecification\",\"valueRequired\":true,\"valueName\":\"search_term_string\"}}],\"inLanguage\":\"pt-BR\"},{\"@type\":\"Organization\",\"@id\":\"https:\/\/hello.pricelabs.co\/pt-br\/#organization\",\"name\":\"Pricelabs\",\"url\":\"https:\/\/hello.pricelabs.co\/pt-br\/\",\"logo\":{\"@type\":\"ImageObject\",\"inLanguage\":\"pt-BR\",\"@id\":\"https:\/\/hello.pricelabs.co\/pt-br\/#\/schema\/logo\/image\/\",\"url\":\"https:\/\/hello.pricelabs.co\/wp-content\/uploads\/2023\/09\/cropped-Pricelabs-Logo-element.png\",\"contentUrl\":\"https:\/\/hello.pricelabs.co\/wp-content\/uploads\/2023\/09\/cropped-Pricelabs-Logo-element.png\",\"width\":512,\"height\":512,\"caption\":\"Pricelabs\"},\"image\":{\"@id\":\"https:\/\/hello.pricelabs.co\/pt-br\/#\/schema\/logo\/image\/\"},\"sameAs\":[\"https:\/\/www.facebook.com\/PriceLabs1\/\",\"https:\/\/x.com\/Price_Labs\",\"https:\/\/www.linkedin.com\/company\/pricelabs\/\"]},{\"@type\":\"Person\",\"@id\":\"https:\/\/hello.pricelabs.co\/pt-br\/#\/schema\/person\/781ee6513bdd32d9ef6b5a69cf976e30\",\"name\":\"Joana Coelho\",\"image\":{\"@type\":\"ImageObject\",\"inLanguage\":\"pt-BR\",\"@id\":\"https:\/\/secure.gravatar.com\/avatar\/354bf3a2d1804f8378317bc5dede2b5705a429f44d2c8532c59f089e2cc7c6f3?s=96&d=mm&r=g\",\"url\":\"https:\/\/secure.gravatar.com\/avatar\/354bf3a2d1804f8378317bc5dede2b5705a429f44d2c8532c59f089e2cc7c6f3?s=96&d=mm&r=g\",\"contentUrl\":\"https:\/\/secure.gravatar.com\/avatar\/354bf3a2d1804f8378317bc5dede2b5705a429f44d2c8532c59f089e2cc7c6f3?s=96&d=mm&r=g\",\"caption\":\"Joana Coelho\"},\"description\":\"Joana is a Solutions Consultant at PriceLabs. With over 10 years experience in Revenue Management, she's in charge of Portuguese-speaking markets and ensure our customers take the most out of our Revenue Management System.\",\"sameAs\":[\"https:\/\/x.com\/DishaParekh\"],\"url\":\"https:\/\/hello.pricelabs.co\/pt-br\/author\/joana-coelho\/\"}]}<\/script>\n<!-- \/ Yoast SEO Premium plugin. -->","yoast_head_json":{"title":"Aluguel para Loca\u00e7\u00e3o de Curta Dura\u00e7\u00e3o: Tipos, Dicas, T\u00e1ticas","description":"Dicas para aluguel de curto prazo: maximize lucros, encontre seu im\u00f3vel ideal e acerte no p\u00fablico-alvo com experts.","robots":{"index":"index","follow":"follow","max-snippet":"max-snippet:-1","max-image-preview":"max-image-preview:large","max-video-preview":"max-video-preview:-1"},"canonical":"https:\/\/hello.pricelabs.co\/pt-br\/blog\/guia-de-aluguel-de-curto-prazo\/","og_locale":"pt_BR","og_type":"article","og_title":"Guia para iniciantes para alugar im\u00f3veis de aluguel de curto prazo","og_description":"Dicas para aluguel de curto prazo: maximize lucros, encontre seu im\u00f3vel ideal e acerte no p\u00fablico-alvo com experts.","og_url":"https:\/\/hello.pricelabs.co\/pt-br\/blog\/guia-de-aluguel-de-curto-prazo\/","og_site_name":"PriceLabs","article_publisher":"https:\/\/www.facebook.com\/PriceLabs1\/","article_published_time":"2024-04-10T08:12:05+00:00","article_modified_time":"2026-03-13T11:05:17+00:00","og_image":[{"width":2735,"height":1575,"url":"https:\/\/hello.pricelabs.co\/wp-content\/uploads\/2023\/09\/Beginners-Guide-to-Renting-for-Short-term-Rental-Properties.png","type":"image\/png"}],"author":"Joana Coelho","twitter_card":"summary_large_image","twitter_creator":"@DishaParekh","twitter_site":"@Price_Labs","twitter_misc":{"Escrito por":"Joana Coelho","Est. tempo de leitura":"11 minutos"},"schema":{"@context":"https:\/\/schema.org","@graph":[{"@type":"Article","@id":"https:\/\/hello.pricelabs.co\/pt-br\/blog\/guia-de-aluguel-de-curto-prazo\/#article","isPartOf":{"@id":"https:\/\/hello.pricelabs.co\/pt-br\/blog\/guia-de-aluguel-de-curto-prazo\/"},"author":{"name":"Joana Coelho","@id":"https:\/\/hello.pricelabs.co\/pt-br\/#\/schema\/person\/781ee6513bdd32d9ef6b5a69cf976e30"},"headline":"Guia para iniciantes para alugar im\u00f3veis de aluguel de curto prazo","datePublished":"2024-04-10T08:12:05+00:00","dateModified":"2026-03-13T11:05:17+00:00","mainEntityOfPage":{"@id":"https:\/\/hello.pricelabs.co\/pt-br\/blog\/guia-de-aluguel-de-curto-prazo\/"},"wordCount":1856,"publisher":{"@id":"https:\/\/hello.pricelabs.co\/pt-br\/#organization"},"image":{"@id":"https:\/\/hello.pricelabs.co\/pt-br\/blog\/guia-de-aluguel-de-curto-prazo\/#primaryimage"},"thumbnailUrl":"https:\/\/hello.pricelabs.co\/wp-content\/uploads\/2023\/09\/Beginners-Guide-to-Renting-for-Short-term-Rental-Properties.png","articleSection":["Anfitri\u00f5es"],"inLanguage":"pt-BR"},{"@type":"WebPage","@id":"https:\/\/hello.pricelabs.co\/pt-br\/blog\/guia-de-aluguel-de-curto-prazo\/","url":"https:\/\/hello.pricelabs.co\/pt-br\/blog\/guia-de-aluguel-de-curto-prazo\/","name":"Aluguel para Loca\u00e7\u00e3o de Curta Dura\u00e7\u00e3o: Tipos, Dicas, T\u00e1ticas","isPartOf":{"@id":"https:\/\/hello.pricelabs.co\/pt-br\/#website"},"primaryImageOfPage":{"@id":"https:\/\/hello.pricelabs.co\/pt-br\/blog\/guia-de-aluguel-de-curto-prazo\/#primaryimage"},"image":{"@id":"https:\/\/hello.pricelabs.co\/pt-br\/blog\/guia-de-aluguel-de-curto-prazo\/#primaryimage"},"thumbnailUrl":"https:\/\/hello.pricelabs.co\/wp-content\/uploads\/2023\/09\/Beginners-Guide-to-Renting-for-Short-term-Rental-Properties.png","datePublished":"2024-04-10T08:12:05+00:00","dateModified":"2026-03-13T11:05:17+00:00","description":"Dicas para aluguel de curto prazo: maximize lucros, encontre seu im\u00f3vel ideal e acerte no p\u00fablico-alvo com experts.","breadcrumb":{"@id":"https:\/\/hello.pricelabs.co\/pt-br\/blog\/guia-de-aluguel-de-curto-prazo\/#breadcrumb"},"inLanguage":"pt-BR","potentialAction":[{"@type":"ReadAction","target":["https:\/\/hello.pricelabs.co\/pt-br\/blog\/guia-de-aluguel-de-curto-prazo\/"]}]},{"@type":"ImageObject","inLanguage":"pt-BR","@id":"https:\/\/hello.pricelabs.co\/pt-br\/blog\/guia-de-aluguel-de-curto-prazo\/#primaryimage","url":"https:\/\/hello.pricelabs.co\/wp-content\/uploads\/2023\/09\/Beginners-Guide-to-Renting-for-Short-term-Rental-Properties.png","contentUrl":"https:\/\/hello.pricelabs.co\/wp-content\/uploads\/2023\/09\/Beginners-Guide-to-Renting-for-Short-term-Rental-Properties.png","width":2735,"height":1575},{"@type":"BreadcrumbList","@id":"https:\/\/hello.pricelabs.co\/pt-br\/blog\/guia-de-aluguel-de-curto-prazo\/#breadcrumb","itemListElement":[{"@type":"ListItem","position":1,"name":"Home","item":"https:\/\/hello.pricelabs.co\/pt-br\/"},{"@type":"ListItem","position":2,"name":"Guia para iniciantes para alugar im\u00f3veis de aluguel de curto prazo"}]},{"@type":"WebSite","@id":"https:\/\/hello.pricelabs.co\/pt-br\/#website","url":"https:\/\/hello.pricelabs.co\/pt-br\/","name":"PriceLabs","description":"","publisher":{"@id":"https:\/\/hello.pricelabs.co\/pt-br\/#organization"},"potentialAction":[{"@type":"SearchAction","target":{"@type":"EntryPoint","urlTemplate":"https:\/\/hello.pricelabs.co\/pt-br\/?s={search_term_string}"},"query-input":{"@type":"PropertyValueSpecification","valueRequired":true,"valueName":"search_term_string"}}],"inLanguage":"pt-BR"},{"@type":"Organization","@id":"https:\/\/hello.pricelabs.co\/pt-br\/#organization","name":"Pricelabs","url":"https:\/\/hello.pricelabs.co\/pt-br\/","logo":{"@type":"ImageObject","inLanguage":"pt-BR","@id":"https:\/\/hello.pricelabs.co\/pt-br\/#\/schema\/logo\/image\/","url":"https:\/\/hello.pricelabs.co\/wp-content\/uploads\/2023\/09\/cropped-Pricelabs-Logo-element.png","contentUrl":"https:\/\/hello.pricelabs.co\/wp-content\/uploads\/2023\/09\/cropped-Pricelabs-Logo-element.png","width":512,"height":512,"caption":"Pricelabs"},"image":{"@id":"https:\/\/hello.pricelabs.co\/pt-br\/#\/schema\/logo\/image\/"},"sameAs":["https:\/\/www.facebook.com\/PriceLabs1\/","https:\/\/x.com\/Price_Labs","https:\/\/www.linkedin.com\/company\/pricelabs\/"]},{"@type":"Person","@id":"https:\/\/hello.pricelabs.co\/pt-br\/#\/schema\/person\/781ee6513bdd32d9ef6b5a69cf976e30","name":"Joana Coelho","image":{"@type":"ImageObject","inLanguage":"pt-BR","@id":"https:\/\/secure.gravatar.com\/avatar\/354bf3a2d1804f8378317bc5dede2b5705a429f44d2c8532c59f089e2cc7c6f3?s=96&d=mm&r=g","url":"https:\/\/secure.gravatar.com\/avatar\/354bf3a2d1804f8378317bc5dede2b5705a429f44d2c8532c59f089e2cc7c6f3?s=96&d=mm&r=g","contentUrl":"https:\/\/secure.gravatar.com\/avatar\/354bf3a2d1804f8378317bc5dede2b5705a429f44d2c8532c59f089e2cc7c6f3?s=96&d=mm&r=g","caption":"Joana Coelho"},"description":"Joana is a Solutions Consultant at PriceLabs. With over 10 years experience in Revenue Management, she's in charge of Portuguese-speaking markets and ensure our customers take the most out of our Revenue Management System.","sameAs":["https:\/\/x.com\/DishaParekh"],"url":"https:\/\/hello.pricelabs.co\/pt-br\/author\/joana-coelho\/"}]}},"modified_by":"Mousumi Sharma","amp_enabled":true,"_links":{"self":[{"href":"https:\/\/hello.pricelabs.co\/pt-br\/wp-json\/wp\/v2\/posts\/32106","targetHints":{"allow":["GET"]}}],"collection":[{"href":"https:\/\/hello.pricelabs.co\/pt-br\/wp-json\/wp\/v2\/posts"}],"about":[{"href":"https:\/\/hello.pricelabs.co\/pt-br\/wp-json\/wp\/v2\/types\/post"}],"author":[{"embeddable":true,"href":"https:\/\/hello.pricelabs.co\/pt-br\/wp-json\/wp\/v2\/users\/31"}],"replies":[{"embeddable":true,"href":"https:\/\/hello.pricelabs.co\/pt-br\/wp-json\/wp\/v2\/comments?post=32106"}],"version-history":[{"count":2,"href":"https:\/\/hello.pricelabs.co\/pt-br\/wp-json\/wp\/v2\/posts\/32106\/revisions"}],"predecessor-version":[{"id":132743,"href":"https:\/\/hello.pricelabs.co\/pt-br\/wp-json\/wp\/v2\/posts\/32106\/revisions\/132743"}],"wp:featuredmedia":[{"embeddable":true,"href":"https:\/\/hello.pricelabs.co\/pt-br\/wp-json\/wp\/v2\/media\/24429"}],"wp:attachment":[{"href":"https:\/\/hello.pricelabs.co\/pt-br\/wp-json\/wp\/v2\/media?parent=32106"}],"wp:term":[{"taxonomy":"category","embeddable":true,"href":"https:\/\/hello.pricelabs.co\/pt-br\/wp-json\/wp\/v2\/categories?post=32106"},{"taxonomy":"post_tag","embeddable":true,"href":"https:\/\/hello.pricelabs.co\/pt-br\/wp-json\/wp\/v2\/tags?post=32106"}],"curies":[{"name":"wp","href":"https:\/\/api.w.org\/{rel}","templated":true}]}}